{"id":231168,"date":"2014-11-12T00:00:00","date_gmt":"2014-11-12T00:00:00","guid":{"rendered":"https:\/\/www.ecuadortimes.net\/es\/restos-de-analizados-por-forenses-no-son-de-los-43-estudiantes-desaparecidos\/"},"modified":"2014-11-12T00:00:00","modified_gmt":"2014-11-12T00:00:00","slug":"restos-de-analizados-por-forenses-no-son-de-los-43-estudiantes-desaparecidos","status":"publish","type":"post","link":"https:\/\/www.ecuadortimes.net\/es\/restos-de-analizados-por-forenses-no-son-de-los-43-estudiantes-desaparecidos\/","title":{"rendered":"Restos de analizados por forenses no son de los 43 estudiantes desaparecidos"},"content":{"rendered":"<div id=\"attachment_158779\" style=\"width: 417px\" class=\"wp-caption alignright\"><a href=\"http:\/\/www.ecuadortimes.net\/es\/wp-content\/uploads\/2014\/11\/43-estudiantes-desaparecidos-restos-no-pertenecen.jpg\"><img aria-describedby=\"caption-attachment-158779\" loading=\"lazy\" class=\"size-full wp-image-158779\" src=\"https:\/\/www.ecuadortimes.net\/es\/wp-content\/uploads\/2014\/11\/43-estudiantes-desaparecidos-restos-no-pertenecen.jpg\" alt=\"Reuters\" width=\"407\" height=\"267\" \/><\/a><p id=\"caption-attachment-158779\" class=\"wp-caption-text\">Reuters<\/p><\/div>\n<p>El Equipo Argentino de Antropolog\u00eda Forense (EAAF) que realiza un peritaje independiente en las pesquisas sobre la desaparici\u00f3n de 43 estudiantes en M\u00e9xico inform\u00f3 que los restos humanos analizados hasta ahora no son de los j\u00f3venes.<\/p>\n<p>El EAAF indic\u00f3 en un comunicado que ha intervenido en la exhumaci\u00f3n y, en algunos casos, en el an\u00e1lisis de los restos hallados en las zonas de Cerro Viejo y La Parota, en el municipio de Iguala, y en Cocula en el basurero y en la orilla del R\u00edo San Juan.<\/p>\n<p>&#8220;En s\u00edntesis, hasta el momento, no han habido identificaciones entre los restos recuperados en las tres localidades mencionadas y los 43 normalistas&#8221;, se\u00f1al\u00f3.<\/p>\n<p>Los expertos del EAAF provienen de Argentina, Colombia, M\u00e9xico, Uruguay, Francia y Estados Unidos.<\/p>\n<p>El EAAF indic\u00f3 en un comunicado que a partir del 5 de octubre, de acuerdo con los familiares de los 43 estudiantes y por petici\u00f3n de organizaciones de la sociedad civil estatales y nacionales, act\u00faa como perito independiente de las familias.<\/p>\n","protected":false},"excerpt":{"rendered":"<p>El Equipo Argentino de Antropolog\u00eda Forense (EAAF) que realiza un peritaje independiente en las pesquisas sobre la desaparici\u00f3n de 43 estudiantes en M\u00e9xico inform\u00f3 que los restos humanos analizados hasta ahora no son de los j\u00f3venes. El EAAF indic\u00f3 en un comunicado que ha intervenido en la exhumaci\u00f3n y, en algunos casos, en el an\u00e1lisis de los restos hallados en las zonas de Cerro Viejo y La Parota, en el municipio de Iguala, y en Cocula en el basurero y en la orilla del R\u00edo San Juan. &#8220;En s\u00edntesis, hasta el momento, no han habido identificaciones entre los restos recuperados en las tres localidades mencionadas y los 43 normalistas&#8221;, se\u00f1al\u00f3. Los expertos del EAAF provienen de Argentina, Colombia, M\u00e9xico, Uruguay, Francia y Estados Unidos. El EAAF indic\u00f3 en un comunicado que a partir del 5 de octubre, de acuerdo con los familiares de los 43 estudiantes y por petici\u00f3n de organizaciones de la sociedad civil estatales y nacionales, act\u00faa como perito independiente de las familias.<\/p>\n","protected":false},"author":1,"featured_media":231169,"comment_status":"open","ping_status":"open","sticky":false,"template":"","format":"standard","meta":[],"categories":[36,37],"tags":[],"_links":{"self":[{"href":"https:\/\/www.ecuadortimes.net\/es\/wp-json\/wp\/v2\/posts\/231168"}],"collection":[{"href":"https:\/\/www.ecuadortimes.net\/es\/wp-json\/wp\/v2\/posts"}],"about":[{"href":"https:\/\/www.ecuadortimes.net\/es\/wp-json\/wp\/v2\/types\/post"}],"author":[{"embeddable":true,"href":"https:\/\/www.ecuadortimes.net\/es\/wp-json\/wp\/v2\/users\/1"}],"replies":[{"embeddable":true,"href":"https:\/\/www.ecuadortimes.net\/es\/wp-json\/wp\/v2\/comments?post=231168"}],"version-history":[{"count":0,"href":"https:\/\/www.ecuadortimes.net\/es\/wp-json\/wp\/v2\/posts\/231168\/revisions"}],"wp:featuredmedia":[{"embeddable":true,"href":"https:\/\/www.ecuadortimes.net\/es\/wp-json\/wp\/v2\/media\/231169"}],"wp:attachment":[{"href":"https:\/\/www.ecuadortimes.net\/es\/wp-json\/wp\/v2\/media?parent=231168"}],"wp:term":[{"taxonomy":"category","embeddable":true,"href":"https:\/\/www.ecuadortimes.net\/es\/wp-json\/wp\/v2\/categories?post=231168"},{"taxonomy":"post_tag","embeddable":true,"href":"https:\/\/www.ecuadortimes.net\/es\/wp-json\/wp\/v2\/tags?post=231168"}],"curies":[{"name":"wp","href":"https:\/\/api.w.org\/{rel}","templated":true}]}}