{"id":231174,"date":"2014-11-12T00:00:00","date_gmt":"2014-11-12T00:00:00","guid":{"rendered":"https:\/\/www.ecuadortimes.net\/es\/gremios-de-trabajadores-advierten-hacer-paro-nacional-ante-enmiendas\/"},"modified":"2014-11-12T00:00:00","modified_gmt":"2014-11-12T00:00:00","slug":"gremios-de-trabajadores-advierten-hacer-paro-nacional-ante-enmiendas","status":"publish","type":"post","link":"https:\/\/www.ecuadortimes.net\/es\/gremios-de-trabajadores-advierten-hacer-paro-nacional-ante-enmiendas\/","title":{"rendered":"Gremios de trabajadores advierten hacer paro nacional ante enmiendas"},"content":{"rendered":"<p class=\"ecxMsoNormal\" style=\"color: #444444; text-align: justify;\"><span style=\"font-size: medium;\"><a href=\"http:\/\/www.ecuadortimes.net\/es\/wp-content\/uploads\/2014\/11\/fut.jpg\"><img loading=\"lazy\" class=\"alignright wp-image-158792\" src=\"https:\/\/www.ecuadortimes.net\/es\/wp-content\/uploads\/2014\/11\/fut-300x212.jpg\" alt=\"fut\" width=\"400\" height=\"283\" \/><\/a>Los gremios de trabajadores advierten con un paro nacional como respuesta al tr\u00e1mite de las enmiendas constitucionales en la Asamblea. En cuanto a si el Legislativo decide aprobar las dos propuestas que tratan sobre temas laborales.<\/span><\/p>\n<p class=\"ecxMsoNormal\" style=\"color: #444444; text-align: justify;\"><span style=\"font-size: medium;\">Las centrales sindicales opositoras, agrupadas en el Frente Unitario de los Trabajadores (FUT), advirtieron al Gobierno que se movilizar\u00e1n por las calles del pa\u00eds.<\/span><\/p>\n<p class=\"ecxMsoNormal\" style=\"color: #444444; text-align: justify;\"><span style=\"font-size: medium;\">El proyecto de enmiendas pretende incluir a los obreros de las empresas estatales a la misma normativa que rige a la burocracia: la Ley Org\u00e1nica de Servicio P\u00fablico. Esto ocasionar\u00eda que ya no est\u00e9n amparados bajo el C\u00f3digo del Trabajo, que les otorga beneficios distintos.<\/span><\/p>\n<p style=\"text-align: justify;\"><span style=\"color: #444444;\"><span style=\"font-size: medium;\">Mario Mor\u00e1n, Secretario de la Federaci\u00f3n de Trabajadores Libres de Pichincha, explic\u00f3 que con estas modificaciones adem\u00e1s perder\u00eda la estabilidad laboral. As\u00ed como tambi\u00e9n ver\u00e1n disminuidos algunos beneficios, como uniformes, alimentaci\u00f3n, entre otros.\u00a0<\/span><\/span><\/p>\n","protected":false},"excerpt":{"rendered":"<p>Los gremios de trabajadores advierten con un paro nacional como respuesta al tr\u00e1mite de las enmiendas constitucionales en la Asamblea. En cuanto a si el Legislativo decide aprobar las dos propuestas que tratan sobre temas laborales. Las centrales sindicales opositoras, agrupadas en el Frente Unitario de los Trabajadores (FUT), advirtieron al Gobierno que se movilizar\u00e1n por las calles del pa\u00eds. El proyecto de enmiendas pretende incluir a los obreros de las empresas estatales a la misma normativa que rige a la burocracia: la Ley Org\u00e1nica de Servicio P\u00fablico. Esto ocasionar\u00eda que ya no est\u00e9n amparados bajo el C\u00f3digo del Trabajo, que les otorga beneficios distintos. Mario Mor\u00e1n, Secretario de la Federaci\u00f3n de Trabajadores Libres de Pichincha, explic\u00f3 que con estas modificaciones adem\u00e1s perder\u00eda la estabilidad laboral. As\u00ed como tambi\u00e9n ver\u00e1n disminuidos algunos beneficios, como uniformes, alimentaci\u00f3n, entre otros.\u00a0<\/p>\n","protected":false},"author":1,"featured_media":231175,"comment_status":"open","ping_status":"open","sticky":false,"template":"","format":"standard","meta":[],"categories":[54,40,37],"tags":[],"_links":{"self":[{"href":"https:\/\/www.ecuadortimes.net\/es\/wp-json\/wp\/v2\/posts\/231174"}],"collection":[{"href":"https:\/\/www.ecuadortimes.net\/es\/wp-json\/wp\/v2\/posts"}],"about":[{"href":"https:\/\/www.ecuadortimes.net\/es\/wp-json\/wp\/v2\/types\/post"}],"author":[{"embeddable":true,"href":"https:\/\/www.ecuadortimes.net\/es\/wp-json\/wp\/v2\/users\/1"}],"replies":[{"embeddable":true,"href":"https:\/\/www.ecuadortimes.net\/es\/wp-json\/wp\/v2\/comments?post=231174"}],"version-history":[{"count":0,"href":"https:\/\/www.ecuadortimes.net\/es\/wp-json\/wp\/v2\/posts\/231174\/revisions"}],"wp:featuredmedia":[{"embeddable":true,"href":"https:\/\/www.ecuadortimes.net\/es\/wp-json\/wp\/v2\/media\/231175"}],"wp:attachment":[{"href":"https:\/\/www.ecuadortimes.net\/es\/wp-json\/wp\/v2\/media?parent=231174"}],"wp:term":[{"taxonomy":"category","embeddable":true,"href":"https:\/\/www.ecuadortimes.net\/es\/wp-json\/wp\/v2\/categories?post=231174"},{"taxonomy":"post_tag","embeddable":true,"href":"https:\/\/www.ecuadortimes.net\/es\/wp-json\/wp\/v2\/tags?post=231174"}],"curies":[{"name":"wp","href":"https:\/\/api.w.org\/{rel}","templated":true}]}}