{"id":231176,"date":"2014-11-12T00:00:00","date_gmt":"2014-11-12T00:00:00","guid":{"rendered":"https:\/\/www.ecuadortimes.net\/es\/construccion-de-200-casas-en-jerusalen-este-es-aprobada-por-autoridades-de-israel\/"},"modified":"2014-11-12T00:00:00","modified_gmt":"2014-11-12T00:00:00","slug":"construccion-de-200-casas-en-jerusalen-este-es-aprobada-por-autoridades-de-israel","status":"publish","type":"post","link":"https:\/\/www.ecuadortimes.net\/es\/construccion-de-200-casas-en-jerusalen-este-es-aprobada-por-autoridades-de-israel\/","title":{"rendered":"Construcci\u00f3n de 200 casas en Jerusal\u00e9n Este es aprobada por autoridades de Israel"},"content":{"rendered":"<p><a href=\"http:\/\/www.ecuadortimes.net\/es\/wp-content\/uploads\/2014\/11\/Israel-autoridades-autorizan-construccion-200-casas-Jerusalen-Este1.jpg\"><img loading=\"lazy\" class=\"alignright  wp-image-158799\" src=\"https:\/\/www.ecuadortimes.net\/es\/wp-content\/uploads\/2014\/11\/Israel-autoridades-autorizan-construccion-200-casas-Jerusalen-Este1.jpg\" alt=\"Israel-autoridades-autorizan-construccion-200-casas-Jerusalen-Este\" width=\"424\" height=\"284\" \/><\/a>Las autoridades israel\u00edes han aprobado de forma preliminar la construcci\u00f3n de 200 nuevas viviendas en un barrio jud\u00edo de Jerusal\u00e9n Este, en un momento de especial tensi\u00f3n en la ciudad y que podr\u00eda enardecer los \u00e1nimos entre los palestinos.<\/p>\n<p>La portavoz del Ayuntamiento de Jerusal\u00e9n, Brachie Sprung, dijo a EFE que la medida fue aprobada hoy por el comit\u00e9 planificador del consistorio, que ha dado luz verde para que se edifiquen las viviendas en el barrio de Ramot.<\/p>\n<p>Ramot es un creciente asentamiento con departamentos y casas ubicado en la margen norte de Jerusal\u00e9n este, tierra que Israel captur\u00f3 en 1967 y luego se anex\u00f3 sin reconocimiento internacional, dijo Sprung.<\/p>\n<p>La funcionaria a\u00f1adi\u00f3 que el mismo comit\u00e9 aprob\u00f3 la construcci\u00f3n adicional de 174 viviendas en barrios \u00e1rabes de la ciudad, que no especific\u00f3.<\/p>\n<p>El nuevo anuncio llega en el marco de semanas de disturbios y enfrentamientos entre manifestantes palestinos y polic\u00edas israel\u00edes en Jerusal\u00e9n Este.<\/p>\n","protected":false},"excerpt":{"rendered":"<p>Las autoridades israel\u00edes han aprobado de forma preliminar la construcci\u00f3n de 200 nuevas viviendas en un barrio jud\u00edo de Jerusal\u00e9n Este, en un momento de especial tensi\u00f3n en la ciudad y que podr\u00eda enardecer los \u00e1nimos entre los palestinos. La portavoz del Ayuntamiento de Jerusal\u00e9n, Brachie Sprung, dijo a EFE que la medida fue aprobada hoy por el comit\u00e9 planificador del consistorio, que ha dado luz verde para que se edifiquen las viviendas en el barrio de Ramot. Ramot es un creciente asentamiento con departamentos y casas ubicado en la margen norte de Jerusal\u00e9n este, tierra que Israel captur\u00f3 en 1967 y luego se anex\u00f3 sin reconocimiento internacional, dijo Sprung. La funcionaria a\u00f1adi\u00f3 que el mismo comit\u00e9 aprob\u00f3 la construcci\u00f3n adicional de 174 viviendas en barrios \u00e1rabes de la ciudad, que no especific\u00f3. El nuevo anuncio llega en el marco de semanas de disturbios y enfrentamientos entre manifestantes palestinos y polic\u00edas israel\u00edes en Jerusal\u00e9n Este.<\/p>\n","protected":false},"author":1,"featured_media":231177,"comment_status":"open","ping_status":"open","sticky":false,"template":"","format":"standard","meta":[],"categories":[36,37],"tags":[],"_links":{"self":[{"href":"https:\/\/www.ecuadortimes.net\/es\/wp-json\/wp\/v2\/posts\/231176"}],"collection":[{"href":"https:\/\/www.ecuadortimes.net\/es\/wp-json\/wp\/v2\/posts"}],"about":[{"href":"https:\/\/www.ecuadortimes.net\/es\/wp-json\/wp\/v2\/types\/post"}],"author":[{"embeddable":true,"href":"https:\/\/www.ecuadortimes.net\/es\/wp-json\/wp\/v2\/users\/1"}],"replies":[{"embeddable":true,"href":"https:\/\/www.ecuadortimes.net\/es\/wp-json\/wp\/v2\/comments?post=231176"}],"version-history":[{"count":0,"href":"https:\/\/www.ecuadortimes.net\/es\/wp-json\/wp\/v2\/posts\/231176\/revisions"}],"wp:featuredmedia":[{"embeddable":true,"href":"https:\/\/www.ecuadortimes.net\/es\/wp-json\/wp\/v2\/media\/231177"}],"wp:attachment":[{"href":"https:\/\/www.ecuadortimes.net\/es\/wp-json\/wp\/v2\/media?parent=231176"}],"wp:term":[{"taxonomy":"category","embeddable":true,"href":"https:\/\/www.ecuadortimes.net\/es\/wp-json\/wp\/v2\/categories?post=231176"},{"taxonomy":"post_tag","embeddable":true,"href":"https:\/\/www.ecuadortimes.net\/es\/wp-json\/wp\/v2\/tags?post=231176"}],"curies":[{"name":"wp","href":"https:\/\/api.w.org\/{rel}","templated":true}]}}