{"id":231178,"date":"2014-11-12T00:00:00","date_gmt":"2014-11-12T00:00:00","guid":{"rendered":"https:\/\/www.ecuadortimes.net\/es\/enmiendas-al-codigo-de-trabajo-se-conoceran-el-15-de-noviembre\/"},"modified":"2014-11-12T00:00:00","modified_gmt":"2014-11-12T00:00:00","slug":"enmiendas-al-codigo-de-trabajo-se-conoceran-el-15-de-noviembre","status":"publish","type":"post","link":"https:\/\/www.ecuadortimes.net\/es\/enmiendas-al-codigo-de-trabajo-se-conoceran-el-15-de-noviembre\/","title":{"rendered":"Enmiendas al C\u00f3digo de Trabajo se conocer\u00e1n el 15 de noviembre"},"content":{"rendered":"<p style=\"text-align: justify;\"><span style=\"color: #444444;\"><a href=\"http:\/\/www.ecuadortimes.net\/es\/wp-content\/uploads\/2014\/11\/carrasco.jpg\"><img loading=\"lazy\" class=\"alignright wp-image-158802 size-medium\" src=\"https:\/\/www.ecuadortimes.net\/es\/wp-content\/uploads\/2014\/11\/carrasco-300x194.jpg\" alt=\"carrasco\" width=\"300\" height=\"194\" \/><\/a>El Ejecutivo contin\u00faa trabajando en el proyecto de enmiendas al C\u00f3digo de Trabajo que presentar\u00e1 el s\u00e1bado 15 de noviembre a la ciudadan\u00eda, durante el acto de homenaje a los cientos de trabajadores asesinados el 15 de noviembre de 1922 en Guayaquil cuando protagonizaban una huelga general para exigir, entre otras reivindicaciones, una jornada laboral de 8 horas.\u00a0<\/span><\/p>\n<div style=\"color: #444444;\">\n<p style=\"text-align: justify;\">Entre las reformas anunciadas por el r\u00e9gimen constar\u00e1  el car\u00e1cter de despido nulo\u009d para proteger a las mujeres en estado de gestaci\u00f3n, indic\u00f3 la semana pasada el Ministro de Relaciones Laborales, Carlos Marx Carrasco.<\/p>\n<p style=\"text-align: justify;\">Tambi\u00e9n adelant\u00f3 que se propondr\u00e1 dar por terminada la contrataci\u00f3n a plazo fijo, y\u00a0 establecer que todo contrato sea indefinido.<\/p>\n<p style=\"text-align: justify;\">Otras de las observaciones a la legislaci\u00f3n vigente girar\u00eda en torno al trabajo no remunerado que se realiza en los hogares, cuyo trasfondo ser\u00eda proteger a la ama de casa con la seguridad social.<\/p>\n<p style=\"text-align: justify;\">Con respecto a los contratos colectivos, que los sindicatos afines al Frente Unitario de Trabajadores (FUT) demandan, el Mandatario dijo: No estamos de acuerdo en la contrataci\u00f3n colectiva para trabajar 36 horas y no 40 horas, vacaciones para las familias y otros. Est\u00e1n quit\u00e1ndonos uniformes para nuestros estudiantes\u009d.<\/p>\n<\/div>\n","protected":false},"excerpt":{"rendered":"<p>El Ejecutivo contin\u00faa trabajando en el proyecto de enmiendas al C\u00f3digo de Trabajo que presentar\u00e1 el s\u00e1bado 15 de noviembre a la ciudadan\u00eda, durante el acto de homenaje a los cientos de trabajadores asesinados el 15 de noviembre de 1922 en Guayaquil cuando protagonizaban una huelga general para exigir, entre otras reivindicaciones, una jornada laboral de 8 horas.\u00a0 Entre las reformas anunciadas por el r\u00e9gimen constar\u00e1 el car\u00e1cter de despido nulo\u009d para proteger a las mujeres en estado de gestaci\u00f3n, indic\u00f3 la semana pasada el Ministro de Relaciones Laborales, Carlos Marx Carrasco. Tambi\u00e9n adelant\u00f3 que se propondr\u00e1 dar por terminada la contrataci\u00f3n a plazo fijo, y\u00a0 establecer que todo contrato sea indefinido. Otras de las observaciones a la legislaci\u00f3n vigente girar\u00eda en torno al trabajo no remunerado que se realiza en los hogares, cuyo trasfondo ser\u00eda proteger a la ama de casa con la seguridad social. Con respecto a los contratos colectivos, que los sindicatos afines al Frente Unitario de Trabajadores (FUT) demandan, el Mandatario dijo: No estamos de acuerdo en la contrataci\u00f3n colectiva para trabajar 36 horas y no 40 horas, vacaciones para las familias y otros. Est\u00e1n quit\u00e1ndonos uniformes para nuestros estudiantes\u009d.<\/p>\n","protected":false},"author":1,"featured_media":231179,"comment_status":"open","ping_status":"open","sticky":false,"template":"","format":"standard","meta":[],"categories":[40,37],"tags":[],"_links":{"self":[{"href":"https:\/\/www.ecuadortimes.net\/es\/wp-json\/wp\/v2\/posts\/231178"}],"collection":[{"href":"https:\/\/www.ecuadortimes.net\/es\/wp-json\/wp\/v2\/posts"}],"about":[{"href":"https:\/\/www.ecuadortimes.net\/es\/wp-json\/wp\/v2\/types\/post"}],"author":[{"embeddable":true,"href":"https:\/\/www.ecuadortimes.net\/es\/wp-json\/wp\/v2\/users\/1"}],"replies":[{"embeddable":true,"href":"https:\/\/www.ecuadortimes.net\/es\/wp-json\/wp\/v2\/comments?post=231178"}],"version-history":[{"count":0,"href":"https:\/\/www.ecuadortimes.net\/es\/wp-json\/wp\/v2\/posts\/231178\/revisions"}],"wp:featuredmedia":[{"embeddable":true,"href":"https:\/\/www.ecuadortimes.net\/es\/wp-json\/wp\/v2\/media\/231179"}],"wp:attachment":[{"href":"https:\/\/www.ecuadortimes.net\/es\/wp-json\/wp\/v2\/media?parent=231178"}],"wp:term":[{"taxonomy":"category","embeddable":true,"href":"https:\/\/www.ecuadortimes.net\/es\/wp-json\/wp\/v2\/categories?post=231178"},{"taxonomy":"post_tag","embeddable":true,"href":"https:\/\/www.ecuadortimes.net\/es\/wp-json\/wp\/v2\/tags?post=231178"}],"curies":[{"name":"wp","href":"https:\/\/api.w.org\/{rel}","templated":true}]}}