{"id":231180,"date":"2014-11-12T00:00:00","date_gmt":"2014-11-12T00:00:00","guid":{"rendered":"https:\/\/www.ecuadortimes.net\/es\/directivos-que-presidiran-comision-de-la-asamblea-sobre-las-enmiendas-fueron-designados\/"},"modified":"2014-11-12T00:00:00","modified_gmt":"2014-11-12T00:00:00","slug":"directivos-que-presidiran-comision-de-la-asamblea-sobre-las-enmiendas-fueron-designados","status":"publish","type":"post","link":"https:\/\/www.ecuadortimes.net\/es\/directivos-que-presidiran-comision-de-la-asamblea-sobre-las-enmiendas-fueron-designados\/","title":{"rendered":"Directivos que presidir\u00e1n Comisi\u00f3n de la Asamblea sobre las enmiendas fueron designados"},"content":{"rendered":"<p style=\"text-align: justify;\"><a href=\"http:\/\/www.ecuadortimes.net\/es\/wp-content\/uploads\/2014\/11\/dirigentes.jpg\"><img loading=\"lazy\" class=\"aligncenter wp-image-158805\" src=\"https:\/\/www.ecuadortimes.net\/es\/wp-content\/uploads\/2014\/11\/dirigentes-300x225.jpg\" alt=\"dirigentes\" width=\"600\" height=\"450\" \/><\/a><\/p>\n<p style=\"text-align: justify;\">Juan Carlos Cassinelli y Ver\u00f3nica Arias presiden desde este martes 11 de noviembre la Comisi\u00f3n Ocasional encargada de analizar el proyecto de enmiendas a la Constituci\u00f3n. En la primera reuni\u00f3n ambos fueron posesionados.<\/p>\n<p style=\"text-align: justify;\">Cassinelli es asamble\u00edsta de Aianza PAIS y Arias pertenece al movimiento ARE.<\/p>\n<p style=\"text-align: justify;\">Para la designaci\u00f3n de los directivos, la Comisi\u00f3n se instal\u00f3 sin la presencia de Patricio Donoso de CREO y Luis Fernando Torres de PSC.<\/p>\n<p style=\"text-align: justify;\">La aspiraci\u00f3n de Casinelli es entregar en este noviembre el informe para el primer debate en el Pleno de la Asamblea Nacional, aunque el Consejo de Administraci\u00f3n Legislativa (CAL), en su resoluci\u00f3n, dio un plazo de 30 d\u00edas que se cumplir\u00edan en la primera quincena de diciembre.\u008b<\/p>\n","protected":false},"excerpt":{"rendered":"<p>Juan Carlos Cassinelli y Ver\u00f3nica Arias presiden desde este martes 11 de noviembre la Comisi\u00f3n Ocasional encargada de analizar el proyecto de enmiendas a la Constituci\u00f3n. En la primera reuni\u00f3n ambos fueron posesionados. Cassinelli es asamble\u00edsta de Aianza PAIS y Arias pertenece al movimiento ARE. Para la designaci\u00f3n de los directivos, la Comisi\u00f3n se instal\u00f3 sin la presencia de Patricio Donoso de CREO y Luis Fernando Torres de PSC. La aspiraci\u00f3n de Casinelli es entregar en este noviembre el informe para el primer debate en el Pleno de la Asamblea Nacional, aunque el Consejo de Administraci\u00f3n Legislativa (CAL), en su resoluci\u00f3n, dio un plazo de 30 d\u00edas que se cumplir\u00edan en la primera quincena de diciembre.\u008b<\/p>\n","protected":false},"author":1,"featured_media":231181,"comment_status":"open","ping_status":"open","sticky":false,"template":"","format":"standard","meta":[],"categories":[40,37],"tags":[],"_links":{"self":[{"href":"https:\/\/www.ecuadortimes.net\/es\/wp-json\/wp\/v2\/posts\/231180"}],"collection":[{"href":"https:\/\/www.ecuadortimes.net\/es\/wp-json\/wp\/v2\/posts"}],"about":[{"href":"https:\/\/www.ecuadortimes.net\/es\/wp-json\/wp\/v2\/types\/post"}],"author":[{"embeddable":true,"href":"https:\/\/www.ecuadortimes.net\/es\/wp-json\/wp\/v2\/users\/1"}],"replies":[{"embeddable":true,"href":"https:\/\/www.ecuadortimes.net\/es\/wp-json\/wp\/v2\/comments?post=231180"}],"version-history":[{"count":0,"href":"https:\/\/www.ecuadortimes.net\/es\/wp-json\/wp\/v2\/posts\/231180\/revisions"}],"wp:featuredmedia":[{"embeddable":true,"href":"https:\/\/www.ecuadortimes.net\/es\/wp-json\/wp\/v2\/media\/231181"}],"wp:attachment":[{"href":"https:\/\/www.ecuadortimes.net\/es\/wp-json\/wp\/v2\/media?parent=231180"}],"wp:term":[{"taxonomy":"category","embeddable":true,"href":"https:\/\/www.ecuadortimes.net\/es\/wp-json\/wp\/v2\/categories?post=231180"},{"taxonomy":"post_tag","embeddable":true,"href":"https:\/\/www.ecuadortimes.net\/es\/wp-json\/wp\/v2\/tags?post=231180"}],"curies":[{"name":"wp","href":"https:\/\/api.w.org\/{rel}","templated":true}]}}