{"id":231182,"date":"2014-11-12T00:00:00","date_gmt":"2014-11-12T00:00:00","guid":{"rendered":"https:\/\/www.ecuadortimes.net\/es\/pago-de-regalias-de-las-telefonicas-caeria-solo-sobre-claro\/"},"modified":"2014-11-12T00:00:00","modified_gmt":"2014-11-12T00:00:00","slug":"pago-de-regalias-de-las-telefonicas-caeria-solo-sobre-claro","status":"publish","type":"post","link":"https:\/\/www.ecuadortimes.net\/es\/pago-de-regalias-de-las-telefonicas-caeria-solo-sobre-claro\/","title":{"rendered":"Pago de regal\u00edas de las telef\u00f3nicas caer\u00eda solo sobre Claro"},"content":{"rendered":"<p style=\"text-align: justify;\"><span style=\"color: #000000;\"><a href=\"http:\/\/www.ecuadortimes.net\/es\/wp-content\/uploads\/2014\/11\/regalias.jpg\"><img loading=\"lazy\" class=\"alignright wp-image-158809 size-full\" src=\"https:\/\/www.ecuadortimes.net\/es\/wp-content\/uploads\/2014\/11\/regalias.jpg\" alt=\"regalias\" width=\"300\" height=\"169\" \/><\/a>El primer debate de Ley de Telecomunicaciones,\u00a0que concluy\u00f3 el martes 11 de noviembre, centr\u00f3 su discusi\u00f3n en dos temas: nuevas regal\u00edas de las telef\u00f3nicas y la creaci\u00f3n de una nueva agencia reguladora, que reemplazar\u00eda a la Superintendencia de Telecomunicaciones (Supertel).<\/span><br style=\"color: #000000;\" \/><br style=\"color: #000000;\" \/><span style=\"color: #000000;\">El articulado propone una tabla que busca recaudar entre el 1 y el 9% de los ingresos totales de las operadoras que tengan una participaci\u00f3n en el mercado sobre el 35%. Este art\u00edculo solo afectar\u00eda a Claro, que cuenta con el 68,07% de participaci\u00f3n en el mercado.\u00a0<\/span><\/p>\n","protected":false},"excerpt":{"rendered":"<p>El primer debate de Ley de Telecomunicaciones,\u00a0que concluy\u00f3 el martes 11 de noviembre, centr\u00f3 su discusi\u00f3n en dos temas: nuevas regal\u00edas de las telef\u00f3nicas y la creaci\u00f3n de una nueva agencia reguladora, que reemplazar\u00eda a la Superintendencia de Telecomunicaciones (Supertel).El articulado propone una tabla que busca recaudar entre el 1 y el 9% de los ingresos totales de las operadoras que tengan una participaci\u00f3n en el mercado sobre el 35%. Este art\u00edculo solo afectar\u00eda a Claro, que cuenta con el 68,07% de participaci\u00f3n en el mercado.\u00a0<\/p>\n","protected":false},"author":1,"featured_media":231183,"comment_status":"open","ping_status":"open","sticky":false,"template":"","format":"standard","meta":[],"categories":[40,37],"tags":[],"_links":{"self":[{"href":"https:\/\/www.ecuadortimes.net\/es\/wp-json\/wp\/v2\/posts\/231182"}],"collection":[{"href":"https:\/\/www.ecuadortimes.net\/es\/wp-json\/wp\/v2\/posts"}],"about":[{"href":"https:\/\/www.ecuadortimes.net\/es\/wp-json\/wp\/v2\/types\/post"}],"author":[{"embeddable":true,"href":"https:\/\/www.ecuadortimes.net\/es\/wp-json\/wp\/v2\/users\/1"}],"replies":[{"embeddable":true,"href":"https:\/\/www.ecuadortimes.net\/es\/wp-json\/wp\/v2\/comments?post=231182"}],"version-history":[{"count":0,"href":"https:\/\/www.ecuadortimes.net\/es\/wp-json\/wp\/v2\/posts\/231182\/revisions"}],"wp:featuredmedia":[{"embeddable":true,"href":"https:\/\/www.ecuadortimes.net\/es\/wp-json\/wp\/v2\/media\/231183"}],"wp:attachment":[{"href":"https:\/\/www.ecuadortimes.net\/es\/wp-json\/wp\/v2\/media?parent=231182"}],"wp:term":[{"taxonomy":"category","embeddable":true,"href":"https:\/\/www.ecuadortimes.net\/es\/wp-json\/wp\/v2\/categories?post=231182"},{"taxonomy":"post_tag","embeddable":true,"href":"https:\/\/www.ecuadortimes.net\/es\/wp-json\/wp\/v2\/tags?post=231182"}],"curies":[{"name":"wp","href":"https:\/\/api.w.org\/{rel}","templated":true}]}}