{"id":231184,"date":"2014-11-13T00:00:00","date_gmt":"2014-11-13T00:00:00","guid":{"rendered":"https:\/\/www.ecuadortimes.net\/es\/fuerzas-armadas-trabajarian-junto-a-policia-nacional-contra-la-delincuencia\/"},"modified":"2014-11-13T00:00:00","modified_gmt":"2014-11-13T00:00:00","slug":"fuerzas-armadas-trabajarian-junto-a-policia-nacional-contra-la-delincuencia","status":"publish","type":"post","link":"https:\/\/www.ecuadortimes.net\/es\/fuerzas-armadas-trabajarian-junto-a-policia-nacional-contra-la-delincuencia\/","title":{"rendered":"Fuerzas Armadas trabajar\u00edan junto a Polic\u00eda Nacional contra la delincuencia"},"content":{"rendered":"<p>El pasado mi\u00e9rcoles en una entrevista con el canal Teleamazonas, el ministro de Defensa de Ecuador, Fernando Cordero, identific\u00f3 al crimen organizado implicado con el narcotr\u00e1fico y los ciberataques como las nuevas amenazas que enfrenta Ecuador, por lo que respald\u00f3 la enmienda constitucional que prev\u00e9 que los militares &#8220;complementen&#8221; el trabajo de la polic\u00eda en seguridad interna.<\/p>\n<p>&#8220;No estamos pensando en suplantar a la polic\u00eda. Nadie est\u00e1 pensando en que los militares tienen que cuidar el orden p\u00fablico permanentemente&#8221;, recalc\u00f3 el ministro.<\/p>\n<p>Tras descartar conflictos con los pa\u00edses vecinos como Per\u00fa o Colombia, el gobierno impulsa un proyecto de enmienda constitucional para que sus Fuerzas Armadas apoyen a la polic\u00eda en el combate al crimen organizado, dijo Cordero.<\/p>\n<p>La iniciativa forma parte de un paquete de 16 enmiendas propuestas por el oficialismo, incluida una que plantea incorporar la reelecci\u00f3n indefinida de presidente y otras autoridades escogidas en las urnas.<\/p>\n<p>&nbsp;<\/p>\n","protected":false},"excerpt":{"rendered":"<p>El pasado mi\u00e9rcoles en una entrevista con el canal Teleamazonas, el ministro de Defensa de Ecuador, Fernando Cordero, identific\u00f3 al crimen organizado implicado con el narcotr\u00e1fico y los ciberataques como las nuevas amenazas que enfrenta Ecuador, por lo que respald\u00f3 la enmienda constitucional que prev\u00e9 que los militares &#8220;complementen&#8221; el trabajo de la polic\u00eda en seguridad interna. &#8220;No estamos pensando en suplantar a la polic\u00eda. Nadie est\u00e1 pensando en que los militares tienen que cuidar el orden p\u00fablico permanentemente&#8221;, recalc\u00f3 el ministro. Tras descartar conflictos con los pa\u00edses vecinos como Per\u00fa o Colombia, el gobierno impulsa un proyecto de enmienda constitucional para que sus Fuerzas Armadas apoyen a la polic\u00eda en el combate al crimen organizado, dijo Cordero. La iniciativa forma parte de un paquete de 16 enmiendas propuestas por el oficialismo, incluida una que plantea incorporar la reelecci\u00f3n indefinida de presidente y otras autoridades escogidas en las urnas. &nbsp;<\/p>\n","protected":false},"author":1,"featured_media":231185,"comment_status":"open","ping_status":"open","sticky":false,"template":"","format":"standard","meta":[],"categories":[40,37],"tags":[],"_links":{"self":[{"href":"https:\/\/www.ecuadortimes.net\/es\/wp-json\/wp\/v2\/posts\/231184"}],"collection":[{"href":"https:\/\/www.ecuadortimes.net\/es\/wp-json\/wp\/v2\/posts"}],"about":[{"href":"https:\/\/www.ecuadortimes.net\/es\/wp-json\/wp\/v2\/types\/post"}],"author":[{"embeddable":true,"href":"https:\/\/www.ecuadortimes.net\/es\/wp-json\/wp\/v2\/users\/1"}],"replies":[{"embeddable":true,"href":"https:\/\/www.ecuadortimes.net\/es\/wp-json\/wp\/v2\/comments?post=231184"}],"version-history":[{"count":0,"href":"https:\/\/www.ecuadortimes.net\/es\/wp-json\/wp\/v2\/posts\/231184\/revisions"}],"wp:featuredmedia":[{"embeddable":true,"href":"https:\/\/www.ecuadortimes.net\/es\/wp-json\/wp\/v2\/media\/231185"}],"wp:attachment":[{"href":"https:\/\/www.ecuadortimes.net\/es\/wp-json\/wp\/v2\/media?parent=231184"}],"wp:term":[{"taxonomy":"category","embeddable":true,"href":"https:\/\/www.ecuadortimes.net\/es\/wp-json\/wp\/v2\/categories?post=231184"},{"taxonomy":"post_tag","embeddable":true,"href":"https:\/\/www.ecuadortimes.net\/es\/wp-json\/wp\/v2\/tags?post=231184"}],"curies":[{"name":"wp","href":"https:\/\/api.w.org\/{rel}","templated":true}]}}