{"id":231186,"date":"2014-11-13T00:00:00","date_gmt":"2014-11-13T00:00:00","guid":{"rendered":"https:\/\/www.ecuadortimes.net\/es\/comision-de-enmiendas-a-la-constitucion-se-reune-desde-hoy\/"},"modified":"2014-11-13T00:00:00","modified_gmt":"2014-11-13T00:00:00","slug":"comision-de-enmiendas-a-la-constitucion-se-reune-desde-hoy","status":"publish","type":"post","link":"https:\/\/www.ecuadortimes.net\/es\/comision-de-enmiendas-a-la-constitucion-se-reune-desde-hoy\/","title":{"rendered":"Comisi\u00f3n de enmiendas a la Constituci\u00f3n se re\u00fane desde hoy"},"content":{"rendered":"<p><a href=\"http:\/\/www.ecuadortimes.net\/es\/wp-content\/uploads\/2014\/11\/comision-de-enmiendas-asamblea.jpg\"><img loading=\"lazy\" class=\"alignright  wp-image-158813\" src=\"https:\/\/www.ecuadortimes.net\/es\/wp-content\/uploads\/2014\/11\/comision-de-enmiendas-asamblea-300x166.jpg\" alt=\"comision-de-enmiendas-asamblea\" width=\"414\" height=\"229\" \/><\/a>Hoy ser\u00e1 la primera reuni\u00f3n oficial de la Comisi\u00f3n encargada de tramitar las 16 enmiendas a la Constituci\u00f3n Nacional. Est\u00e1 previsto que se trate la definici\u00f3n de las l\u00edneas generales de trabajo para los pr\u00f3ximos 14 meses y establecer un calendario de labores y detalles administrativos.<\/p>\n<p>Ver\u00f3nica Arias, Vicepresidenta de la Comisi\u00f3n, indic\u00f3 que para el 2015 se llevar\u00e1\u00a0a cabo un fuerte proceso de difusi\u00f3n de las 16 enmiendas e indic\u00f3 que ellos si tienen la atribuci\u00f3n de modificar los textos, siempre y cuando se respete el esp\u00edritu del constitucionalista.<\/p>\n<p>A\u00fan se desconoce si Patricio Donoso (Creo) se presentar\u00e1 a las reuniones de la comisi\u00f3n, puesto que Guillermo Lasso asegur\u00f3 que ninguno de los legisladores de Creo formar\u00e1 parte de esta Comisi\u00f3n.<\/p>\n<p>El oficialismo anunci\u00f3 que los legisladores que no asistan tendr\u00e1n una sanci\u00f3n de tipo econ\u00f3mico y adem\u00e1s,\u00a0al no cumplir sus responsabilidades,\u00a0podr\u00eda iniciarse en su contra un proceso de revocatoria del mandato.<\/p>\n<p>&nbsp;<\/p>\n","protected":false},"excerpt":{"rendered":"<p>Hoy ser\u00e1 la primera reuni\u00f3n oficial de la Comisi\u00f3n encargada de tramitar las 16 enmiendas a la Constituci\u00f3n Nacional. Est\u00e1 previsto que se trate la definici\u00f3n de las l\u00edneas generales de trabajo para los pr\u00f3ximos 14 meses y establecer un calendario de labores y detalles administrativos. Ver\u00f3nica Arias, Vicepresidenta de la Comisi\u00f3n, indic\u00f3 que para el 2015 se llevar\u00e1\u00a0a cabo un fuerte proceso de difusi\u00f3n de las 16 enmiendas e indic\u00f3 que ellos si tienen la atribuci\u00f3n de modificar los textos, siempre y cuando se respete el esp\u00edritu del constitucionalista. A\u00fan se desconoce si Patricio Donoso (Creo) se presentar\u00e1 a las reuniones de la comisi\u00f3n, puesto que Guillermo Lasso asegur\u00f3 que ninguno de los legisladores de Creo formar\u00e1 parte de esta Comisi\u00f3n. El oficialismo anunci\u00f3 que los legisladores que no asistan tendr\u00e1n una sanci\u00f3n de tipo econ\u00f3mico y adem\u00e1s,\u00a0al no cumplir sus responsabilidades,\u00a0podr\u00eda iniciarse en su contra un proceso de revocatoria del mandato. &nbsp;<\/p>\n","protected":false},"author":1,"featured_media":231187,"comment_status":"open","ping_status":"open","sticky":false,"template":"","format":"standard","meta":[],"categories":[54,40],"tags":[],"_links":{"self":[{"href":"https:\/\/www.ecuadortimes.net\/es\/wp-json\/wp\/v2\/posts\/231186"}],"collection":[{"href":"https:\/\/www.ecuadortimes.net\/es\/wp-json\/wp\/v2\/posts"}],"about":[{"href":"https:\/\/www.ecuadortimes.net\/es\/wp-json\/wp\/v2\/types\/post"}],"author":[{"embeddable":true,"href":"https:\/\/www.ecuadortimes.net\/es\/wp-json\/wp\/v2\/users\/1"}],"replies":[{"embeddable":true,"href":"https:\/\/www.ecuadortimes.net\/es\/wp-json\/wp\/v2\/comments?post=231186"}],"version-history":[{"count":0,"href":"https:\/\/www.ecuadortimes.net\/es\/wp-json\/wp\/v2\/posts\/231186\/revisions"}],"wp:featuredmedia":[{"embeddable":true,"href":"https:\/\/www.ecuadortimes.net\/es\/wp-json\/wp\/v2\/media\/231187"}],"wp:attachment":[{"href":"https:\/\/www.ecuadortimes.net\/es\/wp-json\/wp\/v2\/media?parent=231186"}],"wp:term":[{"taxonomy":"category","embeddable":true,"href":"https:\/\/www.ecuadortimes.net\/es\/wp-json\/wp\/v2\/categories?post=231186"},{"taxonomy":"post_tag","embeddable":true,"href":"https:\/\/www.ecuadortimes.net\/es\/wp-json\/wp\/v2\/tags?post=231186"}],"curies":[{"name":"wp","href":"https:\/\/api.w.org\/{rel}","templated":true}]}}