{"id":231192,"date":"2014-11-13T00:00:00","date_gmt":"2014-11-13T00:00:00","guid":{"rendered":"https:\/\/www.ecuadortimes.net\/es\/ecuavisa-niega-condicionar-la-opinion-de-los-televidentes-al-protestar-en-contra-de-cadena-video\/"},"modified":"2014-11-13T00:00:00","modified_gmt":"2014-11-13T00:00:00","slug":"ecuavisa-niega-condicionar-la-opinion-de-los-televidentes-al-protestar-en-contra-de-cadena-video","status":"publish","type":"post","link":"https:\/\/www.ecuadortimes.net\/es\/ecuavisa-niega-condicionar-la-opinion-de-los-televidentes-al-protestar-en-contra-de-cadena-video\/","title":{"rendered":"Ecuavisa niega condicionar la opini\u00f3n de los televidentes al protestar en contra de cadena (video)"},"content":{"rendered":"<p style=\"text-align: justify;\"><a href=\"http:\/\/www.ecuadortimes.net\/es\/wp-content\/uploads\/2014\/11\/alfonso.jpg\"><img loading=\"lazy\" class=\"aligncenter wp-image-158826 size-full\" src=\"https:\/\/www.ecuadortimes.net\/es\/wp-content\/uploads\/2014\/11\/alfonso.jpg\" alt=\"alfonso\" width=\"589\" height=\"330\" \/><\/a><\/p>\n<p style=\"text-align: justify;\">El canal de televisi\u00f3n Ecuavisa\u00a0reiter\u00f3 este mi\u00e9rcoles 12 de noviembre su rechazo a la cadena &#8220;Esta es la verdadera libertad&#8221;, cuya transmisi\u00f3n ha sido dispuesta por la Secretar\u00eda de Comunicaci\u00f3n en ese y otros canales. El lunes 10 de noviembre, ese medio protest\u00f3 por el contenido del espacio y el martes Teleamazonas<em>\u00a0<\/em>se sum\u00f3 a esa postura.<\/p>\n<p style=\"text-align: justify;\">\n<div style=\"max-width:WIDTHpx;\" ><iframe src=\"https:\/\/www.youtube.com\/embed\/LKLGt2eqjeI?wmode=transparent\" width=\"WIDTH\" height=\"HEIGHT\" ><\/iframe><\/div>\n<\/p>\n<p style=\"text-align: justify;\">Mediante un comunicado le\u00eddo por el presentador de noticias Alfonso Espinosa de los Monteros, Ecuavisa se\u00f1al\u00f3: &#8220;(la cadena) la hemos transmitido, como ordena la ley, pero bajo protesta \u00bfPor qu\u00e9? Como el p\u00fablico lo ha visto, en la pieza de video aparecen actores perfectamente identificables como si fueran empresarios de la banca y los medios de comunicaci\u00f3n, acosando a una persona que se presenta como &#8216;la verdadera libertad'&#8221;.<\/p>\n<p style=\"text-align: justify;\">Luego de que Ecuavisa mostr\u00f3 el lunes, antes y despu\u00e9s de transmitir la cadena, un mensaje<a href=\"http:\/\/www.eluniverso.com\/noticias\/2014\/11\/10\/nota\/4212021\/ecuavisa-dice-que-cadena-gobierno-incumple-ley-comunicacion\"><strong>\u00a0<\/strong><\/a>en el que se aseguraba que &#8220;su contenido intenta polarizar a la opini\u00f3n p\u00fablica estigmatizando negativa y deliberadamente a varios sectores de la sociedad&#8221;, el Consejo de Regulaci\u00f3n y Desarrollo de la Informaci\u00f3n y Comunicaci\u00f3n (Cordicom) se\u00f1al\u00f3 que la postura del canal &#8220;podr\u00eda orientar, desde su posici\u00f3n privilegiada sobre las audiencias, prejuicios; o condicionar la opini\u00f3n de los televidentes, menoscabando la libertad y el derecho de la ciudadan\u00eda a recibir informaci\u00f3n&#8221;.<\/p>\n","protected":false},"excerpt":{"rendered":"<p>El canal de televisi\u00f3n Ecuavisa\u00a0reiter\u00f3 este mi\u00e9rcoles 12 de noviembre su rechazo a la cadena &#8220;Esta es la verdadera libertad&#8221;, cuya transmisi\u00f3n ha sido dispuesta por la Secretar\u00eda de Comunicaci\u00f3n en ese y otros canales. El lunes 10 de noviembre, ese medio protest\u00f3 por el contenido del espacio y el martes Teleamazonas\u00a0se sum\u00f3 a esa postura. Mediante un comunicado le\u00eddo por el presentador de noticias Alfonso Espinosa de los Monteros, Ecuavisa se\u00f1al\u00f3: &#8220;(la cadena) la hemos transmitido, como ordena la ley, pero bajo protesta \u00bfPor qu\u00e9? Como el p\u00fablico lo ha visto, en la pieza de video aparecen actores perfectamente identificables como si fueran empresarios de la banca y los medios de comunicaci\u00f3n, acosando a una persona que se presenta como &#8216;la verdadera libertad&#8217;&#8221;. Luego de que Ecuavisa mostr\u00f3 el lunes, antes y despu\u00e9s de transmitir la cadena, un mensaje\u00a0en el que se aseguraba que &#8220;su contenido intenta polarizar a la opini\u00f3n p\u00fablica estigmatizando negativa y deliberadamente a varios sectores de la sociedad&#8221;, el Consejo de Regulaci\u00f3n y Desarrollo de la Informaci\u00f3n y Comunicaci\u00f3n (Cordicom) se\u00f1al\u00f3 que la postura del canal &#8220;podr\u00eda orientar, desde su posici\u00f3n privilegiada sobre las audiencias, prejuicios; o condicionar la opini\u00f3n de los televidentes, menoscabando la libertad y el derecho de la ciudadan\u00eda a recibir informaci\u00f3n&#8221;.<\/p>\n","protected":false},"author":1,"featured_media":231193,"comment_status":"open","ping_status":"open","sticky":false,"template":"","format":"standard","meta":[],"categories":[54,40,37],"tags":[],"_links":{"self":[{"href":"https:\/\/www.ecuadortimes.net\/es\/wp-json\/wp\/v2\/posts\/231192"}],"collection":[{"href":"https:\/\/www.ecuadortimes.net\/es\/wp-json\/wp\/v2\/posts"}],"about":[{"href":"https:\/\/www.ecuadortimes.net\/es\/wp-json\/wp\/v2\/types\/post"}],"author":[{"embeddable":true,"href":"https:\/\/www.ecuadortimes.net\/es\/wp-json\/wp\/v2\/users\/1"}],"replies":[{"embeddable":true,"href":"https:\/\/www.ecuadortimes.net\/es\/wp-json\/wp\/v2\/comments?post=231192"}],"version-history":[{"count":0,"href":"https:\/\/www.ecuadortimes.net\/es\/wp-json\/wp\/v2\/posts\/231192\/revisions"}],"wp:featuredmedia":[{"embeddable":true,"href":"https:\/\/www.ecuadortimes.net\/es\/wp-json\/wp\/v2\/media\/231193"}],"wp:attachment":[{"href":"https:\/\/www.ecuadortimes.net\/es\/wp-json\/wp\/v2\/media?parent=231192"}],"wp:term":[{"taxonomy":"category","embeddable":true,"href":"https:\/\/www.ecuadortimes.net\/es\/wp-json\/wp\/v2\/categories?post=231192"},{"taxonomy":"post_tag","embeddable":true,"href":"https:\/\/www.ecuadortimes.net\/es\/wp-json\/wp\/v2\/tags?post=231192"}],"curies":[{"name":"wp","href":"https:\/\/api.w.org\/{rel}","templated":true}]}}