{"id":231196,"date":"2014-11-13T00:00:00","date_gmt":"2014-11-13T00:00:00","guid":{"rendered":"https:\/\/www.ecuadortimes.net\/es\/ecuador-rechaza-resolucion-de-la-can\/"},"modified":"2014-11-13T00:00:00","modified_gmt":"2014-11-13T00:00:00","slug":"ecuador-rechaza-resolucion-de-la-can","status":"publish","type":"post","link":"https:\/\/www.ecuadortimes.net\/es\/ecuador-rechaza-resolucion-de-la-can\/","title":{"rendered":"Ecuador rechaza resoluci\u00f3n de la CAN"},"content":{"rendered":"<p style=\"text-align: justify;\"><span style=\"color: #444444;\"><a href=\"http:\/\/www.ecuadortimes.net\/es\/wp-content\/uploads\/2014\/11\/CAN1.jpg\"><img loading=\"lazy\" class=\"alignright wp-image-158832\" src=\"https:\/\/www.ecuadortimes.net\/es\/wp-content\/uploads\/2014\/11\/CAN1.jpg\" alt=\"CAN\" width=\"500\" height=\"305\" \/><\/a>Ecuador expres\u00f3 el 12 de octubre su desacuerdo con un dictamen de la Comunidad Andina de Naciones (CAN) en el cual ese organismo pidi\u00f3 extender a los pa\u00edses andinos el trato preferencial y mejor\u009d dado a las importaciones de la Uni\u00f3n Europea y destac\u00f3 acuerdos suscritos con Colombia y Per\u00fa para facilitar el comercio intrarregional.<\/span><\/p>\n<div style=\"color: #444444; text-align: justify;\">El pasado lunes 10 de noviembre, la CAN dio a conocer la resoluci\u00f3n en la que adem\u00e1s se menciona que con un acuerdo del Ministerio de Industrias que establece el trato a las importaciones europeas, el gobierno ecuatoriano ha incurrido en incumplimiento parcial del Acuerdo de Cartagena (&#8230;) al establecer un trato diferenciado y mejor a los productos de origen europeo respecto a los productos de origen andino\u009d.<\/div>\n","protected":false},"excerpt":{"rendered":"<p>Ecuador expres\u00f3 el 12 de octubre su desacuerdo con un dictamen de la Comunidad Andina de Naciones (CAN) en el cual ese organismo pidi\u00f3 extender a los pa\u00edses andinos el trato preferencial y mejor\u009d dado a las importaciones de la Uni\u00f3n Europea y destac\u00f3 acuerdos suscritos con Colombia y Per\u00fa para facilitar el comercio intrarregional. El pasado lunes 10 de noviembre, la CAN dio a conocer la resoluci\u00f3n en la que adem\u00e1s se menciona que con un acuerdo del Ministerio de Industrias que establece el trato a las importaciones europeas, el gobierno ecuatoriano ha incurrido en incumplimiento parcial del Acuerdo de Cartagena (&#8230;) al establecer un trato diferenciado y mejor a los productos de origen europeo respecto a los productos de origen andino\u009d.<\/p>\n","protected":false},"author":1,"featured_media":231197,"comment_status":"open","ping_status":"open","sticky":false,"template":"","format":"standard","meta":[],"categories":[54,34,40,37],"tags":[],"_links":{"self":[{"href":"https:\/\/www.ecuadortimes.net\/es\/wp-json\/wp\/v2\/posts\/231196"}],"collection":[{"href":"https:\/\/www.ecuadortimes.net\/es\/wp-json\/wp\/v2\/posts"}],"about":[{"href":"https:\/\/www.ecuadortimes.net\/es\/wp-json\/wp\/v2\/types\/post"}],"author":[{"embeddable":true,"href":"https:\/\/www.ecuadortimes.net\/es\/wp-json\/wp\/v2\/users\/1"}],"replies":[{"embeddable":true,"href":"https:\/\/www.ecuadortimes.net\/es\/wp-json\/wp\/v2\/comments?post=231196"}],"version-history":[{"count":0,"href":"https:\/\/www.ecuadortimes.net\/es\/wp-json\/wp\/v2\/posts\/231196\/revisions"}],"wp:featuredmedia":[{"embeddable":true,"href":"https:\/\/www.ecuadortimes.net\/es\/wp-json\/wp\/v2\/media\/231197"}],"wp:attachment":[{"href":"https:\/\/www.ecuadortimes.net\/es\/wp-json\/wp\/v2\/media?parent=231196"}],"wp:term":[{"taxonomy":"category","embeddable":true,"href":"https:\/\/www.ecuadortimes.net\/es\/wp-json\/wp\/v2\/categories?post=231196"},{"taxonomy":"post_tag","embeddable":true,"href":"https:\/\/www.ecuadortimes.net\/es\/wp-json\/wp\/v2\/tags?post=231196"}],"curies":[{"name":"wp","href":"https:\/\/api.w.org\/{rel}","templated":true}]}}