{"id":231198,"date":"2014-11-13T00:00:00","date_gmt":"2014-11-13T00:00:00","guid":{"rendered":"https:\/\/www.ecuadortimes.net\/es\/cidh-brindara-asistencia-tecnica-a-mexico-por-la-desaparicion-de-los-43-estudiantes\/"},"modified":"2014-11-13T00:00:00","modified_gmt":"2014-11-13T00:00:00","slug":"cidh-brindara-asistencia-tecnica-a-mexico-por-la-desaparicion-de-los-43-estudiantes","status":"publish","type":"post","link":"https:\/\/www.ecuadortimes.net\/es\/cidh-brindara-asistencia-tecnica-a-mexico-por-la-desaparicion-de-los-43-estudiantes\/","title":{"rendered":"CIDH brindar\u00e1 asistencia t\u00e9cnica a M\u00e9xico por la desaparici\u00f3n de los 43 estudiantes"},"content":{"rendered":"<p><a href=\"http:\/\/www.ecuadortimes.net\/es\/wp-content\/uploads\/2014\/11\/Mexico-43-desaparecidos-CIDH-asesorar-investigacion.jpg\"><img loading=\"lazy\" class=\"alignright size-full wp-image-158834\" src=\"https:\/\/www.ecuadortimes.net\/es\/wp-content\/uploads\/2014\/11\/Mexico-43-desaparecidos-CIDH-asesorar-investigacion.jpg\" alt=\"Mexico-43-desaparecidos-CIDH-asesorar-investigacion\" width=\"478\" height=\"304\" \/><\/a>La Comisi\u00f3n Interamericana de Derechos Humanos (CIDH) acord\u00f3 ayer con el Gobierno mexicano y representantes de los padres de los 43 estudiantes desaparecidos en Iguala los t\u00e9rminos de la asistencia t\u00e9cnica que brindar\u00e1 en el caso.<\/p>\n<p>El documento, firmado en la capital mexicana, establece que la CIDH supervisar\u00e1 la creaci\u00f3n de un grupo de expertos que brinde asistencia y verificaci\u00f3n t\u00e9cnica a las acciones realizadas por el Estado mexicano tras la desaparici\u00f3n de los estudiantes.<\/p>\n<p>Esta asistencia fue solicitada por los padres de los j\u00f3venes, muy cr\u00edticos con la investigaci\u00f3n de la fiscal\u00eda mexicana, al presidente Enrique Pe\u00f1a Nieto en un encuentro privado el 29 de octubre.<\/p>\n<p>Cualquier apoyo t\u00e9cnico de la comisi\u00f3n incluir\u00e1 medidas destinadas a resolver los problemas estructurales subyacentes a las desapariciones forzadas, las cuales no se limitan al caso de los estudiantes de Iguala\u009d, precis\u00f3 el organismo en un comunicado.<\/p>\n<p>Los familiares no creen en las declaraciones de algunos detenidos, difundidas por la fiscal\u00eda, que indican que los j\u00f3venes fueron asesinados y sus cuerpos incinerados y arrojados a un r\u00edo, y exigen al gobierno que sigan la b\u00fasqueda para encontrarlos vivos.<\/p>\n","protected":false},"excerpt":{"rendered":"<p>La Comisi\u00f3n Interamericana de Derechos Humanos (CIDH) acord\u00f3 ayer con el Gobierno mexicano y representantes de los padres de los 43 estudiantes desaparecidos en Iguala los t\u00e9rminos de la asistencia t\u00e9cnica que brindar\u00e1 en el caso. El documento, firmado en la capital mexicana, establece que la CIDH supervisar\u00e1 la creaci\u00f3n de un grupo de expertos que brinde asistencia y verificaci\u00f3n t\u00e9cnica a las acciones realizadas por el Estado mexicano tras la desaparici\u00f3n de los estudiantes. Esta asistencia fue solicitada por los padres de los j\u00f3venes, muy cr\u00edticos con la investigaci\u00f3n de la fiscal\u00eda mexicana, al presidente Enrique Pe\u00f1a Nieto en un encuentro privado el 29 de octubre. Cualquier apoyo t\u00e9cnico de la comisi\u00f3n incluir\u00e1 medidas destinadas a resolver los problemas estructurales subyacentes a las desapariciones forzadas, las cuales no se limitan al caso de los estudiantes de Iguala\u009d, precis\u00f3 el organismo en un comunicado. Los familiares no creen en las declaraciones de algunos detenidos, difundidas por la fiscal\u00eda, que indican que los j\u00f3venes fueron asesinados y sus cuerpos incinerados y arrojados a un r\u00edo, y exigen al gobierno que sigan la b\u00fasqueda para encontrarlos vivos.<\/p>\n","protected":false},"author":1,"featured_media":231199,"comment_status":"open","ping_status":"open","sticky":false,"template":"","format":"standard","meta":[],"categories":[54,36,37],"tags":[],"_links":{"self":[{"href":"https:\/\/www.ecuadortimes.net\/es\/wp-json\/wp\/v2\/posts\/231198"}],"collection":[{"href":"https:\/\/www.ecuadortimes.net\/es\/wp-json\/wp\/v2\/posts"}],"about":[{"href":"https:\/\/www.ecuadortimes.net\/es\/wp-json\/wp\/v2\/types\/post"}],"author":[{"embeddable":true,"href":"https:\/\/www.ecuadortimes.net\/es\/wp-json\/wp\/v2\/users\/1"}],"replies":[{"embeddable":true,"href":"https:\/\/www.ecuadortimes.net\/es\/wp-json\/wp\/v2\/comments?post=231198"}],"version-history":[{"count":0,"href":"https:\/\/www.ecuadortimes.net\/es\/wp-json\/wp\/v2\/posts\/231198\/revisions"}],"wp:featuredmedia":[{"embeddable":true,"href":"https:\/\/www.ecuadortimes.net\/es\/wp-json\/wp\/v2\/media\/231199"}],"wp:attachment":[{"href":"https:\/\/www.ecuadortimes.net\/es\/wp-json\/wp\/v2\/media?parent=231198"}],"wp:term":[{"taxonomy":"category","embeddable":true,"href":"https:\/\/www.ecuadortimes.net\/es\/wp-json\/wp\/v2\/categories?post=231198"},{"taxonomy":"post_tag","embeddable":true,"href":"https:\/\/www.ecuadortimes.net\/es\/wp-json\/wp\/v2\/tags?post=231198"}],"curies":[{"name":"wp","href":"https:\/\/api.w.org\/{rel}","templated":true}]}}