{"id":231200,"date":"2014-11-13T00:00:00","date_gmt":"2014-11-13T00:00:00","guid":{"rendered":"https:\/\/www.ecuadortimes.net\/es\/ministerio-educacion-pide-informes-disciplinarios-de-estudiantes-del-mejia\/"},"modified":"2014-11-13T00:00:00","modified_gmt":"2014-11-13T00:00:00","slug":"ministerio-educacion-pide-informes-disciplinarios-de-estudiantes-del-mejia","status":"publish","type":"post","link":"https:\/\/www.ecuadortimes.net\/es\/ministerio-educacion-pide-informes-disciplinarios-de-estudiantes-del-mejia\/","title":{"rendered":"Ministerio Educaci\u00f3n pide informes disciplinarios de estudiantes del Mej\u00eda"},"content":{"rendered":"<p class=\"ecxMsoNormal\" style=\"color: #000000;\"><a href=\"http:\/\/www.ecuadortimes.net\/es\/wp-content\/uploads\/2014\/11\/colegio-mejia.png\"><img loading=\"lazy\" class=\"alignright size-medium wp-image-158840\" src=\"https:\/\/www.ecuadortimes.net\/es\/wp-content\/uploads\/2014\/11\/colegio-mejia-300x142.png\" alt=\"colegio-mejia\" width=\"300\" height=\"142\" \/><\/a>Francisca Herdo\u00edza, Subsecretaria de Educaci\u00f3n del Distrito Metropolitano de Quito, defini\u00f3 como un malentendido\u009d la renuncia del\u00a0Rector\u00a0del colegio Mej\u00eda, Jaime Torres.<\/p>\n<p class=\"ecxMsoNormal\" style=\"color: #000000;\">Herdo\u00edza indic\u00f3 que conf\u00edan en\u00a0la labor de quienes est\u00e1n a cargo de la unidad educativa\u009d. Adem\u00e1s, la funcionaria ratific\u00f3 en su cargo al Vicerrector Mart\u00edn Angulo y al\u00a0Inspector General del plantel, \u00c3\u0093scar Caizaluisa.<\/p>\n<p class=\"ecxMsoNormal\" style=\"color: #000000;\">Jaime Torres estaba encargado de entregar en estos d\u00edas el informe disciplinario de los 68 estudiantes que participaron en las protestas del 18 de septiembre pasado.<\/p>\n<p class=\"ecxMsoNormal\" style=\"color: #000000;\">Las presiones recibidas por parte del Ministerio de Educaci\u00f3n\u00a0para que entregue r\u00e1pido este documento motivaron a Torres a presentar su renuncia.<\/p>\n<p class=\"ecxMsoNormal\" style=\"color: #000000;\">Este documento permitir\u00eda definir si los j\u00f3venes pueden o no continuar en el plantel.<\/p>\n<p class=\"ecxMsoNormal\" style=\"color: #000000;\">\n","protected":false},"excerpt":{"rendered":"<p>Francisca Herdo\u00edza, Subsecretaria de Educaci\u00f3n del Distrito Metropolitano de Quito, defini\u00f3 como un malentendido\u009d la renuncia del\u00a0Rector\u00a0del colegio Mej\u00eda, Jaime Torres. Herdo\u00edza indic\u00f3 que conf\u00edan en\u00a0la labor de quienes est\u00e1n a cargo de la unidad educativa\u009d. Adem\u00e1s, la funcionaria ratific\u00f3 en su cargo al Vicerrector Mart\u00edn Angulo y al\u00a0Inspector General del plantel, \u00c3\u0093scar Caizaluisa. Jaime Torres estaba encargado de entregar en estos d\u00edas el informe disciplinario de los 68 estudiantes que participaron en las protestas del 18 de septiembre pasado. Las presiones recibidas por parte del Ministerio de Educaci\u00f3n\u00a0para que entregue r\u00e1pido este documento motivaron a Torres a presentar su renuncia. Este documento permitir\u00eda definir si los j\u00f3venes pueden o no continuar en el plantel.<\/p>\n","protected":false},"author":1,"featured_media":0,"comment_status":"open","ping_status":"open","sticky":false,"template":"","format":"standard","meta":[],"categories":[35],"tags":[],"_links":{"self":[{"href":"https:\/\/www.ecuadortimes.net\/es\/wp-json\/wp\/v2\/posts\/231200"}],"collection":[{"href":"https:\/\/www.ecuadortimes.net\/es\/wp-json\/wp\/v2\/posts"}],"about":[{"href":"https:\/\/www.ecuadortimes.net\/es\/wp-json\/wp\/v2\/types\/post"}],"author":[{"embeddable":true,"href":"https:\/\/www.ecuadortimes.net\/es\/wp-json\/wp\/v2\/users\/1"}],"replies":[{"embeddable":true,"href":"https:\/\/www.ecuadortimes.net\/es\/wp-json\/wp\/v2\/comments?post=231200"}],"version-history":[{"count":0,"href":"https:\/\/www.ecuadortimes.net\/es\/wp-json\/wp\/v2\/posts\/231200\/revisions"}],"wp:attachment":[{"href":"https:\/\/www.ecuadortimes.net\/es\/wp-json\/wp\/v2\/media?parent=231200"}],"wp:term":[{"taxonomy":"category","embeddable":true,"href":"https:\/\/www.ecuadortimes.net\/es\/wp-json\/wp\/v2\/categories?post=231200"},{"taxonomy":"post_tag","embeddable":true,"href":"https:\/\/www.ecuadortimes.net\/es\/wp-json\/wp\/v2\/tags?post=231200"}],"curies":[{"name":"wp","href":"https:\/\/api.w.org\/{rel}","templated":true}]}}