{"id":231201,"date":"2014-11-13T00:00:00","date_gmt":"2014-11-13T00:00:00","guid":{"rendered":"https:\/\/www.ecuadortimes.net\/es\/movistar-tendria-concesion-del-espectro-4g-lte-en-diciembre\/"},"modified":"2014-11-13T00:00:00","modified_gmt":"2014-11-13T00:00:00","slug":"movistar-tendria-concesion-del-espectro-4g-lte-en-diciembre","status":"publish","type":"post","link":"https:\/\/www.ecuadortimes.net\/es\/movistar-tendria-concesion-del-espectro-4g-lte-en-diciembre\/","title":{"rendered":"Movistar tendr\u00eda concesi\u00f3n del espectro 4G LTE en diciembre"},"content":{"rendered":"<p class=\"ecxMsoNormal\" style=\"color: #444444; text-align: justify;\"><span style=\"font-size: medium;\"><a href=\"http:\/\/www.ecuadortimes.net\/es\/wp-content\/uploads\/2014\/11\/espin.jpg\"><img loading=\"lazy\" class=\"alignleft wp-image-158844 size-medium\" src=\"https:\/\/www.ecuadortimes.net\/es\/wp-content\/uploads\/2014\/11\/espin-300x170.jpg\" alt=\"espin\" width=\"300\" height=\"170\" \/><\/a>El Ministro de Telecomunicaciones, Augusto Esp\u00edn, asegur\u00f3 el mi\u00e9rcoles 12 de noviembre que podr\u00edan firmar un contrato de concesi\u00f3n del espectro para el despliegue de la 4G-LTE (evoluci\u00f3n a largo plazo, por sus siglas en ingl\u00e9s) con Movistar a finales de este a\u00f1o.<\/span><\/p>\n<p class=\"ecxMsoNormal\" style=\"color: #444444; text-align: justify;\"><span style=\"font-size: medium;\">Esp\u00edn coment\u00f3 que han iniciado negociaciones primarias\u009d con Otecel, que opera en el pa\u00eds bajo la marca Movistar, para la concesi\u00f3n de m\u00e1s espectro, con el que se espera mejorar el servicio celular vigente (3G y HSP+) y que tambi\u00e9n servir\u00e1 para montar la red 4G LTE, 10 veces m\u00e1s r\u00e1pida para la navegaci\u00f3n en Internet y descarga de datos que sus antecesoras.<\/span><\/p>\n<p style=\"text-align: justify;\"><span style=\"color: #444444;\"><span style=\"font-size: medium;\">La expectativa nuestra es firmar al menos con un operador hasta fin de este a\u00f1o, y quiz\u00e1 el primer mes del pr\u00f3ximo a\u00f1o con la otra operadora, o a lo mejor tambi\u00e9n este a\u00f1o\u009d, dijo Esp\u00edn.<\/span><\/span><\/p>\n<p><span style=\"line-height: 17.25px; color: #444444; font-family: Calibri, sans-serif; font-size: 15.4545450210571px;\"><span style=\"line-height: normal; font-size: medium;\">\u00a0<\/span><\/span><\/p>\n","protected":false},"excerpt":{"rendered":"<p>El Ministro de Telecomunicaciones, Augusto Esp\u00edn, asegur\u00f3 el mi\u00e9rcoles 12 de noviembre que podr\u00edan firmar un contrato de concesi\u00f3n del espectro para el despliegue de la 4G-LTE (evoluci\u00f3n a largo plazo, por sus siglas en ingl\u00e9s) con Movistar a finales de este a\u00f1o. Esp\u00edn coment\u00f3 que han iniciado negociaciones primarias\u009d con Otecel, que opera en el pa\u00eds bajo la marca Movistar, para la concesi\u00f3n de m\u00e1s espectro, con el que se espera mejorar el servicio celular vigente (3G y HSP+) y que tambi\u00e9n servir\u00e1 para montar la red 4G LTE, 10 veces m\u00e1s r\u00e1pida para la navegaci\u00f3n en Internet y descarga de datos que sus antecesoras. La expectativa nuestra es firmar al menos con un operador hasta fin de este a\u00f1o, y quiz\u00e1 el primer mes del pr\u00f3ximo a\u00f1o con la otra operadora, o a lo mejor tambi\u00e9n este a\u00f1o\u009d, dijo Esp\u00edn. \u00a0<\/p>\n","protected":false},"author":1,"featured_media":231202,"comment_status":"open","ping_status":"open","sticky":false,"template":"","format":"standard","meta":[],"categories":[35,37],"tags":[],"_links":{"self":[{"href":"https:\/\/www.ecuadortimes.net\/es\/wp-json\/wp\/v2\/posts\/231201"}],"collection":[{"href":"https:\/\/www.ecuadortimes.net\/es\/wp-json\/wp\/v2\/posts"}],"about":[{"href":"https:\/\/www.ecuadortimes.net\/es\/wp-json\/wp\/v2\/types\/post"}],"author":[{"embeddable":true,"href":"https:\/\/www.ecuadortimes.net\/es\/wp-json\/wp\/v2\/users\/1"}],"replies":[{"embeddable":true,"href":"https:\/\/www.ecuadortimes.net\/es\/wp-json\/wp\/v2\/comments?post=231201"}],"version-history":[{"count":0,"href":"https:\/\/www.ecuadortimes.net\/es\/wp-json\/wp\/v2\/posts\/231201\/revisions"}],"wp:featuredmedia":[{"embeddable":true,"href":"https:\/\/www.ecuadortimes.net\/es\/wp-json\/wp\/v2\/media\/231202"}],"wp:attachment":[{"href":"https:\/\/www.ecuadortimes.net\/es\/wp-json\/wp\/v2\/media?parent=231201"}],"wp:term":[{"taxonomy":"category","embeddable":true,"href":"https:\/\/www.ecuadortimes.net\/es\/wp-json\/wp\/v2\/categories?post=231201"},{"taxonomy":"post_tag","embeddable":true,"href":"https:\/\/www.ecuadortimes.net\/es\/wp-json\/wp\/v2\/tags?post=231201"}],"curies":[{"name":"wp","href":"https:\/\/api.w.org\/{rel}","templated":true}]}}