{"id":231203,"date":"2014-11-13T00:00:00","date_gmt":"2014-11-13T00:00:00","guid":{"rendered":"https:\/\/www.ecuadortimes.net\/es\/grabacion-del-lider-del-estado-islamico-supuestamente-muerto-es-difundida\/"},"modified":"2014-11-13T00:00:00","modified_gmt":"2014-11-13T00:00:00","slug":"grabacion-del-lider-del-estado-islamico-supuestamente-muerto-es-difundida","status":"publish","type":"post","link":"https:\/\/www.ecuadortimes.net\/es\/grabacion-del-lider-del-estado-islamico-supuestamente-muerto-es-difundida\/","title":{"rendered":"Grabaci\u00f3n del l\u00edder del Estado Isl\u00e1mico supuestamente muerto es difundida"},"content":{"rendered":"<div id=\"attachment_158848\" style=\"width: 422px\" class=\"wp-caption alignright\"><a href=\"http:\/\/www.ecuadortimes.net\/es\/wp-content\/uploads\/2014\/11\/Estado-Islamico-difunde-grabacion-voz-lider-rumores-muerte.jpg\"><img aria-describedby=\"caption-attachment-158848\" loading=\"lazy\" class=\" wp-image-158848\" src=\"https:\/\/www.ecuadortimes.net\/es\/wp-content\/uploads\/2014\/11\/Estado-Islamico-difunde-grabacion-voz-lider-rumores-muerte.jpg\" alt=\"AP\" width=\"412\" height=\"317\" \/><\/a><p id=\"caption-attachment-158848\" class=\"wp-caption-text\">AP<\/p><\/div>\n<p>El grupo yihadista Estado Isl\u00e1mico (EI) difundi\u00f3 este jueves una grabaci\u00f3n de audio donde supuestamente habla su jefe Abu Bakr al Baghdadi, unos d\u00edas despu\u00e9s de los rumores seg\u00fan los cuales habr\u00eda resultado herido o muerto en un bombardeo de la coalici\u00f3n en Irak.<\/p>\n<p>En la grabaci\u00f3n de 17 minutos, el hombre que se presenta como Baghdadi no habla del supuesto bombardeo, pero s\u00ed de acontecimientos que ocurrieron desde entonces.<\/p>\n<p>Seg\u00fan una transcripci\u00f3n del mensaje en ingl\u00e9s difundida junto a la grabaci\u00f3n, Baghdadi declar\u00f3: &#8220;Quedaos tranquilos, oh musulmanes, porque vuestro Estado va bien&#8221;.<\/p>\n<p>El mensaje es el primero del l\u00edder desde un v\u00eddeo emitido en julio, poco despu\u00e9s de que el EI proclamara un califato en regiones de Irak y Siria, en el que se le ve\u00eda pronunciando un serm\u00f3n del viernes en la ciudad iraqu\u00ed de Mosul (norte).<\/p>\n<p>La voz de la grabaci\u00f3n de este viernes parece coincidir con la de aquel v\u00eddeo, pero, de momento, ninguna otra fuente que el EI ha confirmado que se trata de Baghdadi.<\/p>\n","protected":false},"excerpt":{"rendered":"<p>El grupo yihadista Estado Isl\u00e1mico (EI) difundi\u00f3 este jueves una grabaci\u00f3n de audio donde supuestamente habla su jefe Abu Bakr al Baghdadi, unos d\u00edas despu\u00e9s de los rumores seg\u00fan los cuales habr\u00eda resultado herido o muerto en un bombardeo de la coalici\u00f3n en Irak. En la grabaci\u00f3n de 17 minutos, el hombre que se presenta como Baghdadi no habla del supuesto bombardeo, pero s\u00ed de acontecimientos que ocurrieron desde entonces. Seg\u00fan una transcripci\u00f3n del mensaje en ingl\u00e9s difundida junto a la grabaci\u00f3n, Baghdadi declar\u00f3: &#8220;Quedaos tranquilos, oh musulmanes, porque vuestro Estado va bien&#8221;. El mensaje es el primero del l\u00edder desde un v\u00eddeo emitido en julio, poco despu\u00e9s de que el EI proclamara un califato en regiones de Irak y Siria, en el que se le ve\u00eda pronunciando un serm\u00f3n del viernes en la ciudad iraqu\u00ed de Mosul (norte). La voz de la grabaci\u00f3n de este viernes parece coincidir con la de aquel v\u00eddeo, pero, de momento, ninguna otra fuente que el EI ha confirmado que se trata de Baghdadi.<\/p>\n","protected":false},"author":1,"featured_media":231204,"comment_status":"open","ping_status":"open","sticky":false,"template":"","format":"standard","meta":[],"categories":[36,37],"tags":[],"_links":{"self":[{"href":"https:\/\/www.ecuadortimes.net\/es\/wp-json\/wp\/v2\/posts\/231203"}],"collection":[{"href":"https:\/\/www.ecuadortimes.net\/es\/wp-json\/wp\/v2\/posts"}],"about":[{"href":"https:\/\/www.ecuadortimes.net\/es\/wp-json\/wp\/v2\/types\/post"}],"author":[{"embeddable":true,"href":"https:\/\/www.ecuadortimes.net\/es\/wp-json\/wp\/v2\/users\/1"}],"replies":[{"embeddable":true,"href":"https:\/\/www.ecuadortimes.net\/es\/wp-json\/wp\/v2\/comments?post=231203"}],"version-history":[{"count":0,"href":"https:\/\/www.ecuadortimes.net\/es\/wp-json\/wp\/v2\/posts\/231203\/revisions"}],"wp:featuredmedia":[{"embeddable":true,"href":"https:\/\/www.ecuadortimes.net\/es\/wp-json\/wp\/v2\/media\/231204"}],"wp:attachment":[{"href":"https:\/\/www.ecuadortimes.net\/es\/wp-json\/wp\/v2\/media?parent=231203"}],"wp:term":[{"taxonomy":"category","embeddable":true,"href":"https:\/\/www.ecuadortimes.net\/es\/wp-json\/wp\/v2\/categories?post=231203"},{"taxonomy":"post_tag","embeddable":true,"href":"https:\/\/www.ecuadortimes.net\/es\/wp-json\/wp\/v2\/tags?post=231203"}],"curies":[{"name":"wp","href":"https:\/\/api.w.org\/{rel}","templated":true}]}}