{"id":231205,"date":"2014-11-13T00:00:00","date_gmt":"2014-11-13T00:00:00","guid":{"rendered":"https:\/\/www.ecuadortimes.net\/es\/combates-en-el-este-de-ucrania-entre-ejercito-local-y-prorrusos-se-reactivan\/"},"modified":"2014-11-13T00:00:00","modified_gmt":"2014-11-13T00:00:00","slug":"combates-en-el-este-de-ucrania-entre-ejercito-local-y-prorrusos-se-reactivan","status":"publish","type":"post","link":"https:\/\/www.ecuadortimes.net\/es\/combates-en-el-este-de-ucrania-entre-ejercito-local-y-prorrusos-se-reactivan\/","title":{"rendered":"Combates en el este de Ucrania entre ej\u00e9rcito local y prorrusos se reactivan"},"content":{"rendered":"<div id=\"attachment_158852\" style=\"width: 435px\" class=\"wp-caption alignright\"><a href=\"http:\/\/www.ecuadortimes.net\/es\/wp-content\/uploads\/2014\/11\/Ucrania-combates-separatistas-prorrusos-ejercito-muertos-.jpg\"><img aria-describedby=\"caption-attachment-158852\" loading=\"lazy\" class=\" wp-image-158852\" src=\"https:\/\/www.ecuadortimes.net\/es\/wp-content\/uploads\/2014\/11\/Ucrania-combates-separatistas-prorrusos-ejercito-muertos-.jpg\" alt=\"Reuters\" width=\"425\" height=\"291\" \/><\/a><p id=\"caption-attachment-158852\" class=\"wp-caption-text\">Reuters<\/p><\/div>\n<p>Los combates continuaban este jueves en el este de Ucrania luego que su gobierno anunci\u00f3 ayer que se preparaba a combatir una concentraci\u00f3n de tropas rusas y separatistas en dicho sitio confirmada por la OTAN.<\/p>\n<p>Durante los enfrentamientos se ha reportado que cuatro soldados ucranianos murieron y 18 resultaron heridos en las \u00faltimas 24 horas, anunciaron hoy las autoridades de Kiev.<\/p>\n<p>&#8220;Hemos perdido a cuatro militares, otros 18 han resultado heridos en los combates&#8221;, inform\u00f3 en su p\u00e1gina Facebook el departamento de prensa de la operaci\u00f3n militar ucraniana contra los separatistas prorrusos.<\/p>\n<p>&#8220;La situaci\u00f3n en el este sigue siendo tensa. En las \u00faltimas 24 horas, los bandidos dispararon 44 veces&#8221; contra posiciones ucranianas, sobre todo contra una base situada cerca del aeropuerto de Donetsk, epicentro de violentos combates desde hace varios meses, a\u00f1adi\u00f3.<\/p>\n<p>En la ciudad de Donetsk, principal basti\u00f3n separatista, el mi\u00e9rcoles por la noche se escucharon varias explosiones. Los separatistas aseguraron que eran bombardeos ucranianos contra un barrio cercano al aeropuerto.<\/p>\n<p>&nbsp;<\/p>\n","protected":false},"excerpt":{"rendered":"<p>Los combates continuaban este jueves en el este de Ucrania luego que su gobierno anunci\u00f3 ayer que se preparaba a combatir una concentraci\u00f3n de tropas rusas y separatistas en dicho sitio confirmada por la OTAN. Durante los enfrentamientos se ha reportado que cuatro soldados ucranianos murieron y 18 resultaron heridos en las \u00faltimas 24 horas, anunciaron hoy las autoridades de Kiev. &#8220;Hemos perdido a cuatro militares, otros 18 han resultado heridos en los combates&#8221;, inform\u00f3 en su p\u00e1gina Facebook el departamento de prensa de la operaci\u00f3n militar ucraniana contra los separatistas prorrusos. &#8220;La situaci\u00f3n en el este sigue siendo tensa. En las \u00faltimas 24 horas, los bandidos dispararon 44 veces&#8221; contra posiciones ucranianas, sobre todo contra una base situada cerca del aeropuerto de Donetsk, epicentro de violentos combates desde hace varios meses, a\u00f1adi\u00f3. En la ciudad de Donetsk, principal basti\u00f3n separatista, el mi\u00e9rcoles por la noche se escucharon varias explosiones. Los separatistas aseguraron que eran bombardeos ucranianos contra un barrio cercano al aeropuerto. &nbsp;<\/p>\n","protected":false},"author":1,"featured_media":231206,"comment_status":"open","ping_status":"open","sticky":false,"template":"","format":"standard","meta":[],"categories":[36,37],"tags":[],"_links":{"self":[{"href":"https:\/\/www.ecuadortimes.net\/es\/wp-json\/wp\/v2\/posts\/231205"}],"collection":[{"href":"https:\/\/www.ecuadortimes.net\/es\/wp-json\/wp\/v2\/posts"}],"about":[{"href":"https:\/\/www.ecuadortimes.net\/es\/wp-json\/wp\/v2\/types\/post"}],"author":[{"embeddable":true,"href":"https:\/\/www.ecuadortimes.net\/es\/wp-json\/wp\/v2\/users\/1"}],"replies":[{"embeddable":true,"href":"https:\/\/www.ecuadortimes.net\/es\/wp-json\/wp\/v2\/comments?post=231205"}],"version-history":[{"count":0,"href":"https:\/\/www.ecuadortimes.net\/es\/wp-json\/wp\/v2\/posts\/231205\/revisions"}],"wp:featuredmedia":[{"embeddable":true,"href":"https:\/\/www.ecuadortimes.net\/es\/wp-json\/wp\/v2\/media\/231206"}],"wp:attachment":[{"href":"https:\/\/www.ecuadortimes.net\/es\/wp-json\/wp\/v2\/media?parent=231205"}],"wp:term":[{"taxonomy":"category","embeddable":true,"href":"https:\/\/www.ecuadortimes.net\/es\/wp-json\/wp\/v2\/categories?post=231205"},{"taxonomy":"post_tag","embeddable":true,"href":"https:\/\/www.ecuadortimes.net\/es\/wp-json\/wp\/v2\/tags?post=231205"}],"curies":[{"name":"wp","href":"https:\/\/api.w.org\/{rel}","templated":true}]}}