{"id":231207,"date":"2014-11-13T00:00:00","date_gmt":"2014-11-13T00:00:00","guid":{"rendered":"https:\/\/www.ecuadortimes.net\/es\/lucha-contra-el-a%c2%89bola-en-a%c2%81frica-ha-tenido-un-tremendo-progreso-segun-la-onu\/"},"modified":"2014-11-13T00:00:00","modified_gmt":"2014-11-13T00:00:00","slug":"lucha-contra-el-a%c2%89bola-en-a%c2%81frica-ha-tenido-un-tremendo-progreso-segun-la-onu","status":"publish","type":"post","link":"https:\/\/www.ecuadortimes.net\/es\/lucha-contra-el-a%c2%89bola-en-a%c2%81frica-ha-tenido-un-tremendo-progreso-segun-la-onu\/","title":{"rendered":"Lucha contra el \u00c3\u0089bola en \u00c3\u0081frica ha tenido un &#8220;tremendo progreso&#8221; seg\u00fan la ONU"},"content":{"rendered":"<div id=\"attachment_158856\" style=\"width: 433px\" class=\"wp-caption alignright\"><a href=\"http:\/\/www.ecuadortimes.net\/es\/wp-content\/uploads\/2014\/11\/ONU-Ebola-Africa-Occidental-lucha-progreso.jpg\"><img aria-describedby=\"caption-attachment-158856\" loading=\"lazy\" class=\" wp-image-158856\" src=\"https:\/\/www.ecuadortimes.net\/es\/wp-content\/uploads\/2014\/11\/ONU-Ebola-Africa-Occidental-lucha-progreso.jpg\" alt=\"AFP \/ SEYLLOU\" width=\"423\" height=\"313\" \/><\/a><p id=\"caption-attachment-158856\" class=\"wp-caption-text\">AFP \/ SEYLLOU<\/p><\/div>\n<p>La ONU cree que se est\u00e1 haciendo un &#8220;tremendo progreso&#8221; para combatir el \u00c3\u0089bola en \u00c3\u0081frica Occidental, pero pidi\u00f3 no bajar la guardia para poder erradicar una epidemia que ha causado unos 5.000 muertos.<\/p>\n<p>&#8220;El \u00c3\u0089bola es un enemigo aterrador y no le ganaremos persigui\u00e9ndolo. Tenemos que ir por delante de \u00e9l&#8221;, afirm\u00f3 hoy en la Asamblea General de la ONU Anthony Banbury, jefe de una unidad especial de Naciones Unidas para combatir la epidemia.<\/p>\n<p>En su exposici\u00f3n, Banbury dijo que han quedado descartados, de momento, &#8220;algunos de los peores escenarios de crecimiento exponencial en el n\u00famero de v\u00edctimas&#8221; que se hab\u00edan hecho.<\/p>\n<p>Banbury, quien asumi\u00f3 el pasado 19 de septiembre la direcci\u00f3n de la Misi\u00f3n de la ONU para la Respuesta de Emergencia contra el \u00c3\u0089bola (UNMEER), dijo que ha habido una &#8220;significativa mejora&#8221; en muchas zonas afectadas, como en el \u00e1rea de Monrovia, la capital de Liberia, el pa\u00eds que tiene el mayor n\u00famero de infectados.<\/p>\n<p>En diciembre pasado, la Organizaci\u00f3n Mundial de la Salud (OMS) lleg\u00f3 a decir que a comienzos de diciembre el n\u00famero de casos por semana alcanzar\u00eda un rango de entre 5.000 y 10.000 infectados.<\/p>\n","protected":false},"excerpt":{"rendered":"<p>La ONU cree que se est\u00e1 haciendo un &#8220;tremendo progreso&#8221; para combatir el \u00c3\u0089bola en \u00c3\u0081frica Occidental, pero pidi\u00f3 no bajar la guardia para poder erradicar una epidemia que ha causado unos 5.000 muertos. &#8220;El \u00c3\u0089bola es un enemigo aterrador y no le ganaremos persigui\u00e9ndolo. Tenemos que ir por delante de \u00e9l&#8221;, afirm\u00f3 hoy en la Asamblea General de la ONU Anthony Banbury, jefe de una unidad especial de Naciones Unidas para combatir la epidemia. En su exposici\u00f3n, Banbury dijo que han quedado descartados, de momento, &#8220;algunos de los peores escenarios de crecimiento exponencial en el n\u00famero de v\u00edctimas&#8221; que se hab\u00edan hecho. Banbury, quien asumi\u00f3 el pasado 19 de septiembre la direcci\u00f3n de la Misi\u00f3n de la ONU para la Respuesta de Emergencia contra el \u00c3\u0089bola (UNMEER), dijo que ha habido una &#8220;significativa mejora&#8221; en muchas zonas afectadas, como en el \u00e1rea de Monrovia, la capital de Liberia, el pa\u00eds que tiene el mayor n\u00famero de infectados. En diciembre pasado, la Organizaci\u00f3n Mundial de la Salud (OMS) lleg\u00f3 a decir que a comienzos de diciembre el n\u00famero de casos por semana alcanzar\u00eda un rango de entre 5.000 y 10.000 infectados.<\/p>\n","protected":false},"author":1,"featured_media":231208,"comment_status":"open","ping_status":"open","sticky":false,"template":"","format":"standard","meta":[],"categories":[36,37],"tags":[],"_links":{"self":[{"href":"https:\/\/www.ecuadortimes.net\/es\/wp-json\/wp\/v2\/posts\/231207"}],"collection":[{"href":"https:\/\/www.ecuadortimes.net\/es\/wp-json\/wp\/v2\/posts"}],"about":[{"href":"https:\/\/www.ecuadortimes.net\/es\/wp-json\/wp\/v2\/types\/post"}],"author":[{"embeddable":true,"href":"https:\/\/www.ecuadortimes.net\/es\/wp-json\/wp\/v2\/users\/1"}],"replies":[{"embeddable":true,"href":"https:\/\/www.ecuadortimes.net\/es\/wp-json\/wp\/v2\/comments?post=231207"}],"version-history":[{"count":0,"href":"https:\/\/www.ecuadortimes.net\/es\/wp-json\/wp\/v2\/posts\/231207\/revisions"}],"wp:featuredmedia":[{"embeddable":true,"href":"https:\/\/www.ecuadortimes.net\/es\/wp-json\/wp\/v2\/media\/231208"}],"wp:attachment":[{"href":"https:\/\/www.ecuadortimes.net\/es\/wp-json\/wp\/v2\/media?parent=231207"}],"wp:term":[{"taxonomy":"category","embeddable":true,"href":"https:\/\/www.ecuadortimes.net\/es\/wp-json\/wp\/v2\/categories?post=231207"},{"taxonomy":"post_tag","embeddable":true,"href":"https:\/\/www.ecuadortimes.net\/es\/wp-json\/wp\/v2\/tags?post=231207"}],"curies":[{"name":"wp","href":"https:\/\/api.w.org\/{rel}","templated":true}]}}