{"id":231211,"date":"2014-11-14T00:00:00","date_gmt":"2014-11-14T00:00:00","guid":{"rendered":"https:\/\/www.ecuadortimes.net\/es\/el-28-de-noviembre-comision-debe-entregar-informe-sobre-el-proyecto-de-enmiendas\/"},"modified":"2014-11-14T00:00:00","modified_gmt":"2014-11-14T00:00:00","slug":"el-28-de-noviembre-comision-debe-entregar-informe-sobre-el-proyecto-de-enmiendas","status":"publish","type":"post","link":"https:\/\/www.ecuadortimes.net\/es\/el-28-de-noviembre-comision-debe-entregar-informe-sobre-el-proyecto-de-enmiendas\/","title":{"rendered":"El 28 de Noviembre comisi\u00f3n debe entregar informe sobre el proyecto de enmiendas"},"content":{"rendered":"<p style=\"color: #444444;\"><a href=\"http:\/\/www.ecuadortimes.net\/es\/wp-content\/uploads\/2014\/11\/comision-ocasional-enmiendas1.jpg\"><img loading=\"lazy\" class=\"alignright  wp-image-158864\" src=\"https:\/\/www.ecuadortimes.net\/es\/wp-content\/uploads\/2014\/11\/comision-ocasional-enmiendas1-300x184.jpg\" alt=\"comision-ocasional-enmiendas\" width=\"393\" height=\"241\" \/><\/a>La Comisi\u00f3n Ocasional encargada de tramitar las 16 enmiendas a la constituci\u00f3n Nacional defini\u00f3 ayer su agenda de trabajo. Est\u00e1 previsto que se apruebe para el 28 de noviembre el informe para primer debate del Proyecto de Enmiendas Constitucionales.<\/p>\n<p style=\"color: #444444;\">Dicho documento deber\u00e1 ser presentado al Consejo de Administraci\u00f3n Legislativa (CAL) y la Presidenta de la Asamblea Nacional, Gabriela Rivadeneira, deber\u00e1 convocar a sesi\u00f3n del pleno.<\/p>\n<p style=\"color: #444444;\">Los 11 miembros principales iniciaron ayer a discutir la hoja de ruta que deber\u00e1n cumplir los legisladores y, finalmente, se defini\u00f3 que el paquete de enmiendas se tramitar\u00eda por temas.<\/p>\n<p style=\"color: #444444;\">Se estableci\u00f3 tambi\u00e9n que el 24 de noviembre se recibir\u00e1 a las comisiones generales y se dar\u00e1 conocimiento del borrador del informe. El 26 de Noviembre se realizar\u00e1 el debate interno.<\/p>\n","protected":false},"excerpt":{"rendered":"<p>La Comisi\u00f3n Ocasional encargada de tramitar las 16 enmiendas a la constituci\u00f3n Nacional defini\u00f3 ayer su agenda de trabajo. Est\u00e1 previsto que se apruebe para el 28 de noviembre el informe para primer debate del Proyecto de Enmiendas Constitucionales. Dicho documento deber\u00e1 ser presentado al Consejo de Administraci\u00f3n Legislativa (CAL) y la Presidenta de la Asamblea Nacional, Gabriela Rivadeneira, deber\u00e1 convocar a sesi\u00f3n del pleno. Los 11 miembros principales iniciaron ayer a discutir la hoja de ruta que deber\u00e1n cumplir los legisladores y, finalmente, se defini\u00f3 que el paquete de enmiendas se tramitar\u00eda por temas. Se estableci\u00f3 tambi\u00e9n que el 24 de noviembre se recibir\u00e1 a las comisiones generales y se dar\u00e1 conocimiento del borrador del informe. El 26 de Noviembre se realizar\u00e1 el debate interno.<\/p>\n","protected":false},"author":1,"featured_media":231212,"comment_status":"open","ping_status":"open","sticky":false,"template":"","format":"standard","meta":[],"categories":[54,40],"tags":[],"_links":{"self":[{"href":"https:\/\/www.ecuadortimes.net\/es\/wp-json\/wp\/v2\/posts\/231211"}],"collection":[{"href":"https:\/\/www.ecuadortimes.net\/es\/wp-json\/wp\/v2\/posts"}],"about":[{"href":"https:\/\/www.ecuadortimes.net\/es\/wp-json\/wp\/v2\/types\/post"}],"author":[{"embeddable":true,"href":"https:\/\/www.ecuadortimes.net\/es\/wp-json\/wp\/v2\/users\/1"}],"replies":[{"embeddable":true,"href":"https:\/\/www.ecuadortimes.net\/es\/wp-json\/wp\/v2\/comments?post=231211"}],"version-history":[{"count":0,"href":"https:\/\/www.ecuadortimes.net\/es\/wp-json\/wp\/v2\/posts\/231211\/revisions"}],"wp:featuredmedia":[{"embeddable":true,"href":"https:\/\/www.ecuadortimes.net\/es\/wp-json\/wp\/v2\/media\/231212"}],"wp:attachment":[{"href":"https:\/\/www.ecuadortimes.net\/es\/wp-json\/wp\/v2\/media?parent=231211"}],"wp:term":[{"taxonomy":"category","embeddable":true,"href":"https:\/\/www.ecuadortimes.net\/es\/wp-json\/wp\/v2\/categories?post=231211"},{"taxonomy":"post_tag","embeddable":true,"href":"https:\/\/www.ecuadortimes.net\/es\/wp-json\/wp\/v2\/tags?post=231211"}],"curies":[{"name":"wp","href":"https:\/\/api.w.org\/{rel}","templated":true}]}}