{"id":231213,"date":"2014-11-14T00:00:00","date_gmt":"2014-11-14T00:00:00","guid":{"rendered":"https:\/\/www.ecuadortimes.net\/es\/solicitud-de-liberacion-de-la-onu-a-favor-de-leopoldo-lopez-es-rechazada\/"},"modified":"2014-11-14T00:00:00","modified_gmt":"2014-11-14T00:00:00","slug":"solicitud-de-liberacion-de-la-onu-a-favor-de-leopoldo-lopez-es-rechazada","status":"publish","type":"post","link":"https:\/\/www.ecuadortimes.net\/es\/solicitud-de-liberacion-de-la-onu-a-favor-de-leopoldo-lopez-es-rechazada\/","title":{"rendered":"Solicitud de liberaci\u00f3n de la ONU a favor de Leopoldo L\u00f3pez es rechazada"},"content":{"rendered":"<div id=\"attachment_158867\" style=\"width: 535px\" class=\"wp-caption alignright\"><a href=\"http:\/\/www.ecuadortimes.net\/es\/wp-content\/uploads\/2014\/11\/Venezuela-tribunal-niega-peticion-libertad-ONU-Leopoldo-Lopez.jpg\"><img aria-describedby=\"caption-attachment-158867\" loading=\"lazy\" class=\"size-full wp-image-158867\" src=\"https:\/\/www.ecuadortimes.net\/es\/wp-content\/uploads\/2014\/11\/Venezuela-tribunal-niega-peticion-libertad-ONU-Leopoldo-Lopez.jpg\" alt=\"EFE\" width=\"525\" height=\"336\" \/><\/a><p id=\"caption-attachment-158867\" class=\"wp-caption-text\">EFE<\/p><\/div>\n<p>El tribunal encargado del juicio contra el dirigente opositor venezolano Leopoldo L\u00f3pez, rechaz\u00f3 ayer la recomendaci\u00f3n de un grupo de la ONU que pidi\u00f3 su liberaci\u00f3n inmediata, inform\u00f3 su abogado.<\/p>\n<p>La petici\u00f3n de puesta en libertad fue presentada por el equipo legal que defiende a L\u00f3pez ante el Tribunal n\u00famero 28 de Caracas el pasado 10 de octubre, un d\u00eda despu\u00e9s de que se conociera la recomendaci\u00f3n del grupo de trabajo de Detenciones Arbitrarias de La ONU.<\/p>\n<p>L\u00f3pez rechaz\u00f3 ser trasladado al tribunal en las \u00faltimas audiencias del juicio, exigiendo un pronunciamiento de la jueza a cargo sobre la recomendaci\u00f3n de la ONU.<\/p>\n<p>La jueza Susana Barreiros neg\u00f3 la solicitud hecha ante el tribunal, por considerar que el grupo de trabajo de la ONU no est\u00e1 contemplado en los pactos internacionales, y por tanto no es vinculante.<\/p>\n<p>Barreiros recalc\u00f3, adem\u00e1s, que L\u00f3pez fue detenido con una orden judicial y se cumplieron los pasos legales, negando con ello que su detenci\u00f3n fuese arbitraria como sosten\u00eda el grupo de trabajo de la organizaci\u00f3n internacional.<\/p>\n<p>El tribunal convoc\u00f3 para el pr\u00f3ximo 18 de noviembre una nueva audiencia del juicio de L\u00f3pez y los cuatro estudiantes junto a los que est\u00e1 siendo juzgado por su supuesta responsabilidad las protestas antigubernamentales en Caracas a principios de a\u00f1o.<\/p>\n","protected":false},"excerpt":{"rendered":"<p>El tribunal encargado del juicio contra el dirigente opositor venezolano Leopoldo L\u00f3pez, rechaz\u00f3 ayer la recomendaci\u00f3n de un grupo de la ONU que pidi\u00f3 su liberaci\u00f3n inmediata, inform\u00f3 su abogado. La petici\u00f3n de puesta en libertad fue presentada por el equipo legal que defiende a L\u00f3pez ante el Tribunal n\u00famero 28 de Caracas el pasado 10 de octubre, un d\u00eda despu\u00e9s de que se conociera la recomendaci\u00f3n del grupo de trabajo de Detenciones Arbitrarias de La ONU. L\u00f3pez rechaz\u00f3 ser trasladado al tribunal en las \u00faltimas audiencias del juicio, exigiendo un pronunciamiento de la jueza a cargo sobre la recomendaci\u00f3n de la ONU. La jueza Susana Barreiros neg\u00f3 la solicitud hecha ante el tribunal, por considerar que el grupo de trabajo de la ONU no est\u00e1 contemplado en los pactos internacionales, y por tanto no es vinculante. Barreiros recalc\u00f3, adem\u00e1s, que L\u00f3pez fue detenido con una orden judicial y se cumplieron los pasos legales, negando con ello que su detenci\u00f3n fuese arbitraria como sosten\u00eda el grupo de trabajo de la organizaci\u00f3n internacional. El tribunal convoc\u00f3 para el pr\u00f3ximo 18 de noviembre una nueva audiencia del juicio de L\u00f3pez y los cuatro estudiantes junto a los que est\u00e1 siendo juzgado por su supuesta responsabilidad las protestas antigubernamentales en Caracas a principios de a\u00f1o.<\/p>\n","protected":false},"author":1,"featured_media":231214,"comment_status":"open","ping_status":"open","sticky":false,"template":"","format":"standard","meta":[],"categories":[34,37],"tags":[],"_links":{"self":[{"href":"https:\/\/www.ecuadortimes.net\/es\/wp-json\/wp\/v2\/posts\/231213"}],"collection":[{"href":"https:\/\/www.ecuadortimes.net\/es\/wp-json\/wp\/v2\/posts"}],"about":[{"href":"https:\/\/www.ecuadortimes.net\/es\/wp-json\/wp\/v2\/types\/post"}],"author":[{"embeddable":true,"href":"https:\/\/www.ecuadortimes.net\/es\/wp-json\/wp\/v2\/users\/1"}],"replies":[{"embeddable":true,"href":"https:\/\/www.ecuadortimes.net\/es\/wp-json\/wp\/v2\/comments?post=231213"}],"version-history":[{"count":0,"href":"https:\/\/www.ecuadortimes.net\/es\/wp-json\/wp\/v2\/posts\/231213\/revisions"}],"wp:featuredmedia":[{"embeddable":true,"href":"https:\/\/www.ecuadortimes.net\/es\/wp-json\/wp\/v2\/media\/231214"}],"wp:attachment":[{"href":"https:\/\/www.ecuadortimes.net\/es\/wp-json\/wp\/v2\/media?parent=231213"}],"wp:term":[{"taxonomy":"category","embeddable":true,"href":"https:\/\/www.ecuadortimes.net\/es\/wp-json\/wp\/v2\/categories?post=231213"},{"taxonomy":"post_tag","embeddable":true,"href":"https:\/\/www.ecuadortimes.net\/es\/wp-json\/wp\/v2\/tags?post=231213"}],"curies":[{"name":"wp","href":"https:\/\/api.w.org\/{rel}","templated":true}]}}