{"id":231215,"date":"2014-11-14T00:00:00","date_gmt":"2014-11-14T00:00:00","guid":{"rendered":"https:\/\/www.ecuadortimes.net\/es\/obama-usara-sus-poderes-presidenciales-para-aprobar-una-reforma-migratoria\/"},"modified":"2014-11-14T00:00:00","modified_gmt":"2014-11-14T00:00:00","slug":"obama-usara-sus-poderes-presidenciales-para-aprobar-una-reforma-migratoria","status":"publish","type":"post","link":"https:\/\/www.ecuadortimes.net\/es\/obama-usara-sus-poderes-presidenciales-para-aprobar-una-reforma-migratoria\/","title":{"rendered":"Obama usar\u00e1 sus poderes presidenciales para aprobar una reforma migratoria"},"content":{"rendered":"<p><a href=\"http:\/\/www.ecuadortimes.net\/es\/wp-content\/uploads\/2014\/11\/Obama-reforma-migratoria-EEUU-poderes.jpg\"><img loading=\"lazy\" class=\"alignright size-full wp-image-158871\" src=\"https:\/\/www.ecuadortimes.net\/es\/wp-content\/uploads\/2014\/11\/Obama-reforma-migratoria-EEUU-poderes.jpg\" alt=\"Obama-reforma-migratoria-EEUU-poderes\" width=\"540\" height=\"377\" \/><\/a>El presidente de Estados Unidos, Barack Obama, ha anunciado este viernes que usar\u00e1 todos los poderes que le confiere el cargo para aprobar antes de final de a\u00f1o la reforma migratoria, tras el fracaso del Congreso.<\/p>\n<p>&#8220;Dije que si el Congreso fallaba usar\u00eda toda la autoridad legal que poseo para intentar que el sistema funcione mejor y eso va a pasar antes de que acabe el a\u00f1o&#8221;, ha dicho desde Birmania, donde se encuentra para asistir a una cumbre regional.<\/p>\n<p>El diario The New York Times, citando como fuente a funcionarios an\u00f3nimos del Gobierno &#8220;con conocimiento directo&#8221; de los planes de Obama, sostiene que una &#8220;pieza clave&#8221; del plan del presidente es permitir que muchos padres de ni\u00f1os que son ciudadanos estadounidenses o residentes legales obtengan permisos de trabajo y eviten as\u00ed la amenaza de la deportaci\u00f3n.<\/p>\n<p>La reforma migratoria propuesta por Obama en el 2012 permitir\u00eda regularizar la situaci\u00f3n de 11 millones de inmigrantes, en su mayor\u00eda hispanos, que lleven viviendo de 5 a 10 a\u00f1os en Estados Unidos.<\/p>\n<p>Sin embargo, los republicanos, que en enero asumir\u00e1n el control completo de las dos c\u00e1maras del Congreso, han advertido al presidente de las consecuencias de que tomase una acci\u00f3n unilateral en materia migratoria.<\/p>\n<p>&nbsp;<\/p>\n","protected":false},"excerpt":{"rendered":"<p>El presidente de Estados Unidos, Barack Obama, ha anunciado este viernes que usar\u00e1 todos los poderes que le confiere el cargo para aprobar antes de final de a\u00f1o la reforma migratoria, tras el fracaso del Congreso. &#8220;Dije que si el Congreso fallaba usar\u00eda toda la autoridad legal que poseo para intentar que el sistema funcione mejor y eso va a pasar antes de que acabe el a\u00f1o&#8221;, ha dicho desde Birmania, donde se encuentra para asistir a una cumbre regional. El diario The New York Times, citando como fuente a funcionarios an\u00f3nimos del Gobierno &#8220;con conocimiento directo&#8221; de los planes de Obama, sostiene que una &#8220;pieza clave&#8221; del plan del presidente es permitir que muchos padres de ni\u00f1os que son ciudadanos estadounidenses o residentes legales obtengan permisos de trabajo y eviten as\u00ed la amenaza de la deportaci\u00f3n. La reforma migratoria propuesta por Obama en el 2012 permitir\u00eda regularizar la situaci\u00f3n de 11 millones de inmigrantes, en su mayor\u00eda hispanos, que lleven viviendo de 5 a 10 a\u00f1os en Estados Unidos. Sin embargo, los republicanos, que en enero asumir\u00e1n el control completo de las dos c\u00e1maras del Congreso, han advertido al presidente de las consecuencias de que tomase una acci\u00f3n unilateral en materia migratoria. &nbsp;<\/p>\n","protected":false},"author":1,"featured_media":231216,"comment_status":"open","ping_status":"open","sticky":false,"template":"","format":"standard","meta":[],"categories":[54,34,37],"tags":[],"_links":{"self":[{"href":"https:\/\/www.ecuadortimes.net\/es\/wp-json\/wp\/v2\/posts\/231215"}],"collection":[{"href":"https:\/\/www.ecuadortimes.net\/es\/wp-json\/wp\/v2\/posts"}],"about":[{"href":"https:\/\/www.ecuadortimes.net\/es\/wp-json\/wp\/v2\/types\/post"}],"author":[{"embeddable":true,"href":"https:\/\/www.ecuadortimes.net\/es\/wp-json\/wp\/v2\/users\/1"}],"replies":[{"embeddable":true,"href":"https:\/\/www.ecuadortimes.net\/es\/wp-json\/wp\/v2\/comments?post=231215"}],"version-history":[{"count":0,"href":"https:\/\/www.ecuadortimes.net\/es\/wp-json\/wp\/v2\/posts\/231215\/revisions"}],"wp:featuredmedia":[{"embeddable":true,"href":"https:\/\/www.ecuadortimes.net\/es\/wp-json\/wp\/v2\/media\/231216"}],"wp:attachment":[{"href":"https:\/\/www.ecuadortimes.net\/es\/wp-json\/wp\/v2\/media?parent=231215"}],"wp:term":[{"taxonomy":"category","embeddable":true,"href":"https:\/\/www.ecuadortimes.net\/es\/wp-json\/wp\/v2\/categories?post=231215"},{"taxonomy":"post_tag","embeddable":true,"href":"https:\/\/www.ecuadortimes.net\/es\/wp-json\/wp\/v2\/tags?post=231215"}],"curies":[{"name":"wp","href":"https:\/\/api.w.org\/{rel}","templated":true}]}}