{"id":231217,"date":"2014-11-14T00:00:00","date_gmt":"2014-11-14T00:00:00","guid":{"rendered":"https:\/\/www.ecuadortimes.net\/es\/comite-empresarial-ecuatoriano-rechaza-cadena-de-la-secom\/"},"modified":"2014-11-14T00:00:00","modified_gmt":"2014-11-14T00:00:00","slug":"comite-empresarial-ecuatoriano-rechaza-cadena-de-la-secom","status":"publish","type":"post","link":"https:\/\/www.ecuadortimes.net\/es\/comite-empresarial-ecuatoriano-rechaza-cadena-de-la-secom\/","title":{"rendered":"Comit\u00e9 Empresarial Ecuatoriano rechaza cadena de la Secom"},"content":{"rendered":"<p style=\"color: #000000;\"><a href=\"http:\/\/www.ecuadortimes.net\/es\/wp-content\/uploads\/2014\/11\/secom-cadena.jpg\"><img loading=\"lazy\" class=\"alignright size-medium wp-image-158876\" src=\"https:\/\/www.ecuadortimes.net\/es\/wp-content\/uploads\/2014\/11\/secom-cadena-300x167.jpg\" alt=\"secom-cadena\" width=\"300\" height=\"167\" \/><\/a>El Comit\u00e9 Empresarial Ecuatoriano (CEE) se suma al reclamo de los canales de televisi\u00f3n Ecuavisa y Teleamazonas por la cadena televisiva del gobierno.<\/p>\n<p style=\"color: #000000;\">Ellos consideran que el spot retrata de forma distorsionada a sectores empresariales\u009d, mientras el gremio explica que se someten a la ley y cumplen actividades propias, no pol\u00edticas.<\/p>\n<p style=\"color: #000000;\">El Comit\u00e9 se\u00f1ala que al esta cadena mostrar personajes sombr\u00edos\u009d, compromete la honra de empresarios.<\/p>\n<p style=\"color: #000000;\">Estereotipar a banqueros y propietarios de medios de comunicaci\u00f3n privados como villanos opuestos a libertades fundamentales y al inter\u00e9s general de la ciudadan\u00eda, que defiende el Gobierno, no representa sino apelar a un argumento simplista que fomenta odiosidades indebidamente\u009d, indicaron a trav\u00e9s de un comunicado.<\/p>\n<p style=\"color: #000000;\">El gremio solicita: sensatez y cordura para evitar este tipo de controversia que poco aporta a los verdaderos intereses del pa\u00eds, que siempre estar\u00e1n mejor servidos en un ambiente de mayor respeto, donde si bien se pueda debatir y disentir, se lo haga con la altura necesaria para no caer en la tentaci\u00f3n de mensajes sesgados que desvirt\u00faan principios desarrollados en la propia Ley de Comunicaci\u00f3n\u009d, concluye el comunicado.<\/p>\n<p style=\"color: #000000;\">Esto, luego de que el Consejo de Regulaci\u00f3n y Desarrollo de la Informaci\u00f3n y Comunicaci\u00f3n (Cordicom) indicara que el spot no incumple con la Ley de Comunicaci\u00f3n, y que no cabe la calificaci\u00f3n de estigmatizante.<\/p>\n","protected":false},"excerpt":{"rendered":"<p>El Comit\u00e9 Empresarial Ecuatoriano (CEE) se suma al reclamo de los canales de televisi\u00f3n Ecuavisa y Teleamazonas por la cadena televisiva del gobierno. Ellos consideran que el spot retrata de forma distorsionada a sectores empresariales\u009d, mientras el gremio explica que se someten a la ley y cumplen actividades propias, no pol\u00edticas. El Comit\u00e9 se\u00f1ala que al esta cadena mostrar personajes sombr\u00edos\u009d, compromete la honra de empresarios. Estereotipar a banqueros y propietarios de medios de comunicaci\u00f3n privados como villanos opuestos a libertades fundamentales y al inter\u00e9s general de la ciudadan\u00eda, que defiende el Gobierno, no representa sino apelar a un argumento simplista que fomenta odiosidades indebidamente\u009d, indicaron a trav\u00e9s de un comunicado. El gremio solicita: sensatez y cordura para evitar este tipo de controversia que poco aporta a los verdaderos intereses del pa\u00eds, que siempre estar\u00e1n mejor servidos en un ambiente de mayor respeto, donde si bien se pueda debatir y disentir, se lo haga con la altura necesaria para no caer en la tentaci\u00f3n de mensajes sesgados que desvirt\u00faan principios desarrollados en la propia Ley de Comunicaci\u00f3n\u009d, concluye el comunicado. Esto, luego de que el Consejo de Regulaci\u00f3n y Desarrollo de la Informaci\u00f3n y Comunicaci\u00f3n (Cordicom) indicara que el spot no incumple con la Ley de Comunicaci\u00f3n, y que no cabe la calificaci\u00f3n de estigmatizante.<\/p>\n","protected":false},"author":1,"featured_media":231218,"comment_status":"open","ping_status":"open","sticky":false,"template":"","format":"standard","meta":[],"categories":[40],"tags":[],"_links":{"self":[{"href":"https:\/\/www.ecuadortimes.net\/es\/wp-json\/wp\/v2\/posts\/231217"}],"collection":[{"href":"https:\/\/www.ecuadortimes.net\/es\/wp-json\/wp\/v2\/posts"}],"about":[{"href":"https:\/\/www.ecuadortimes.net\/es\/wp-json\/wp\/v2\/types\/post"}],"author":[{"embeddable":true,"href":"https:\/\/www.ecuadortimes.net\/es\/wp-json\/wp\/v2\/users\/1"}],"replies":[{"embeddable":true,"href":"https:\/\/www.ecuadortimes.net\/es\/wp-json\/wp\/v2\/comments?post=231217"}],"version-history":[{"count":0,"href":"https:\/\/www.ecuadortimes.net\/es\/wp-json\/wp\/v2\/posts\/231217\/revisions"}],"wp:featuredmedia":[{"embeddable":true,"href":"https:\/\/www.ecuadortimes.net\/es\/wp-json\/wp\/v2\/media\/231218"}],"wp:attachment":[{"href":"https:\/\/www.ecuadortimes.net\/es\/wp-json\/wp\/v2\/media?parent=231217"}],"wp:term":[{"taxonomy":"category","embeddable":true,"href":"https:\/\/www.ecuadortimes.net\/es\/wp-json\/wp\/v2\/categories?post=231217"},{"taxonomy":"post_tag","embeddable":true,"href":"https:\/\/www.ecuadortimes.net\/es\/wp-json\/wp\/v2\/tags?post=231217"}],"curies":[{"name":"wp","href":"https:\/\/api.w.org\/{rel}","templated":true}]}}