{"id":231219,"date":"2014-11-14T00:00:00","date_gmt":"2014-11-14T00:00:00","guid":{"rendered":"https:\/\/www.ecuadortimes.net\/es\/conaie-se-sumara-a-la-marcha-obrera\/"},"modified":"2014-11-14T00:00:00","modified_gmt":"2014-11-14T00:00:00","slug":"conaie-se-sumara-a-la-marcha-obrera","status":"publish","type":"post","link":"https:\/\/www.ecuadortimes.net\/es\/conaie-se-sumara-a-la-marcha-obrera\/","title":{"rendered":"Conaie se sumar\u00e1 a la marcha obrera"},"content":{"rendered":"<p class=\"ecxMsoNormal\" style=\"color: #000000;\"><a href=\"http:\/\/www.ecuadortimes.net\/es\/wp-content\/uploads\/2014\/11\/movimiento-indigena-conaie-marcha.png\"><img loading=\"lazy\" class=\"alignright size-medium wp-image-158881\" src=\"https:\/\/www.ecuadortimes.net\/es\/wp-content\/uploads\/2014\/11\/movimiento-indigena-conaie-marcha-300x166.png\" alt=\"movimiento-indigena- conaie-marcha\" width=\"300\" height=\"166\" \/><\/a>La Conaie se reuni\u00f3 ayer para analizar temas coyunturales de la pol\u00edtica nacional, entre ellos, la movilizaci\u00f3n obrera del pr\u00f3ximo mi\u00e9rcoles, convocada por el Frente Unitario de Trabajadores (FUT) y de la cual formar\u00e1n parte.<\/p>\n<p class=\"ecxMsoNormal\" style=\"color: #000000;\">Jorge Herrera, Presidente de la Conaie, indic\u00f3 que \u00a0se debe trabajar de forma unida y coordinada.<\/p>\n<p class=\"ecxMsoNormal\" style=\"color: #000000;\">Entre los l\u00edderes ind\u00edgenas que formaron parte del evento se encontraron: Franco Viteri, Sixto Yaguachi, Nina Pacari y Fanny Campos, Coordinadora Nacional Pachakutik.<\/p>\n<p class=\"ecxMsoNormal\" style=\"color: #000000;\">Los delegados acordaron participar en la marcha obrera para mostrar su rechazo a las pol\u00edticas del Gobierno, principalmente en los temas de Ley de Aguas y el proyecto de Ley de Tierras, el acuerdo comercial con la Uni\u00f3n Europea y la justicia ind\u00edgena.<\/p>\n","protected":false},"excerpt":{"rendered":"<p>La Conaie se reuni\u00f3 ayer para analizar temas coyunturales de la pol\u00edtica nacional, entre ellos, la movilizaci\u00f3n obrera del pr\u00f3ximo mi\u00e9rcoles, convocada por el Frente Unitario de Trabajadores (FUT) y de la cual formar\u00e1n parte. Jorge Herrera, Presidente de la Conaie, indic\u00f3 que \u00a0se debe trabajar de forma unida y coordinada. Entre los l\u00edderes ind\u00edgenas que formaron parte del evento se encontraron: Franco Viteri, Sixto Yaguachi, Nina Pacari y Fanny Campos, Coordinadora Nacional Pachakutik. Los delegados acordaron participar en la marcha obrera para mostrar su rechazo a las pol\u00edticas del Gobierno, principalmente en los temas de Ley de Aguas y el proyecto de Ley de Tierras, el acuerdo comercial con la Uni\u00f3n Europea y la justicia ind\u00edgena.<\/p>\n","protected":false},"author":1,"featured_media":0,"comment_status":"open","ping_status":"open","sticky":false,"template":"","format":"standard","meta":[],"categories":[40],"tags":[],"_links":{"self":[{"href":"https:\/\/www.ecuadortimes.net\/es\/wp-json\/wp\/v2\/posts\/231219"}],"collection":[{"href":"https:\/\/www.ecuadortimes.net\/es\/wp-json\/wp\/v2\/posts"}],"about":[{"href":"https:\/\/www.ecuadortimes.net\/es\/wp-json\/wp\/v2\/types\/post"}],"author":[{"embeddable":true,"href":"https:\/\/www.ecuadortimes.net\/es\/wp-json\/wp\/v2\/users\/1"}],"replies":[{"embeddable":true,"href":"https:\/\/www.ecuadortimes.net\/es\/wp-json\/wp\/v2\/comments?post=231219"}],"version-history":[{"count":0,"href":"https:\/\/www.ecuadortimes.net\/es\/wp-json\/wp\/v2\/posts\/231219\/revisions"}],"wp:attachment":[{"href":"https:\/\/www.ecuadortimes.net\/es\/wp-json\/wp\/v2\/media?parent=231219"}],"wp:term":[{"taxonomy":"category","embeddable":true,"href":"https:\/\/www.ecuadortimes.net\/es\/wp-json\/wp\/v2\/categories?post=231219"},{"taxonomy":"post_tag","embeddable":true,"href":"https:\/\/www.ecuadortimes.net\/es\/wp-json\/wp\/v2\/tags?post=231219"}],"curies":[{"name":"wp","href":"https:\/\/api.w.org\/{rel}","templated":true}]}}