{"id":231224,"date":"2014-11-14T00:00:00","date_gmt":"2014-11-14T00:00:00","guid":{"rendered":"https:\/\/www.ecuadortimes.net\/es\/ganaderos-advierten-escasez-de-carne-desde-diciembre\/"},"modified":"2014-11-14T00:00:00","modified_gmt":"2014-11-14T00:00:00","slug":"ganaderos-advierten-escasez-de-carne-desde-diciembre","status":"publish","type":"post","link":"https:\/\/www.ecuadortimes.net\/es\/ganaderos-advierten-escasez-de-carne-desde-diciembre\/","title":{"rendered":"Ganaderos advierten escasez de carne desde diciembre"},"content":{"rendered":"<p class=\"ecxMsoNormal\" style=\"color: #444444;\"><a href=\"http:\/\/www.ecuadortimes.net\/es\/wp-content\/uploads\/2014\/11\/ganaderos.jpg\"><img loading=\"lazy\" class=\"alignright size-medium wp-image-158894\" src=\"https:\/\/www.ecuadortimes.net\/es\/wp-content\/uploads\/2014\/11\/ganaderos-300x166.jpg\" alt=\"ganaderos\" width=\"300\" height=\"166\" \/><\/a><\/p>\n<p class=\"ecxMsoNormal\" style=\"color: #000000;\">La Asociaci\u00f3n de Ganaderos del Litoral y Gal\u00e1pagos advirti\u00f3 ayer sobre la disminuci\u00f3n de reses en el pa\u00eds e indic\u00f3 que esto podr\u00eda provocar una marcada escasez de carne en los mercados, que se acentuar\u00e1 en los meses de diciembre, enero y febrero pr\u00f3ximos&#8221;.<\/p>\n<p class=\"ecxMsoNormal\" style=\"color: #000000;\">Lorens Olsen, Presidente del gremio, indic\u00f3 que los precios del producto en los mercados seguir\u00e1n subiendo empujados por una paulatina reducci\u00f3n del n\u00famero de reses.<\/p>\n<p class=\"ecxMsoNormal\" style=\"color: #000000;\">El dirigente se\u00f1al\u00f3 que esta reducci\u00f3n se deber\u00eda al creciente desinter\u00e9s de muchos ganaderos en seguir en la actividad, y en el cambio de los pastizales por la siembra de cultivos que rinden m\u00e1s por hect\u00e1rea.<\/p>\n<p class=\"ecxMsoNormal\" style=\"color: #000000;\">El gremio agreg\u00f3 que el desinter\u00e9s de los ganaderos por permanecer en la actividad se debe tambi\u00e9n a la dificultad para acceder a cr\u00e9ditos, particularmente de la banca p\u00fablica.<\/p>\n<p class=\"ecxMsoNormal\" style=\"color: #000000;\">En Balzar, las solicitudes de cr\u00e9dito para fomento ganadero han disminuido en un 50%\u009d, se\u00f1al\u00f3 Olsen.<\/p>\n","protected":false},"excerpt":{"rendered":"<p>La Asociaci\u00f3n de Ganaderos del Litoral y Gal\u00e1pagos advirti\u00f3 ayer sobre la disminuci\u00f3n de reses en el pa\u00eds e indic\u00f3 que esto podr\u00eda provocar una marcada escasez de carne en los mercados, que se acentuar\u00e1 en los meses de diciembre, enero y febrero pr\u00f3ximos&#8221;. Lorens Olsen, Presidente del gremio, indic\u00f3 que los precios del producto en los mercados seguir\u00e1n subiendo empujados por una paulatina reducci\u00f3n del n\u00famero de reses. El dirigente se\u00f1al\u00f3 que esta reducci\u00f3n se deber\u00eda al creciente desinter\u00e9s de muchos ganaderos en seguir en la actividad, y en el cambio de los pastizales por la siembra de cultivos que rinden m\u00e1s por hect\u00e1rea. El gremio agreg\u00f3 que el desinter\u00e9s de los ganaderos por permanecer en la actividad se debe tambi\u00e9n a la dificultad para acceder a cr\u00e9ditos, particularmente de la banca p\u00fablica. En Balzar, las solicitudes de cr\u00e9dito para fomento ganadero han disminuido en un 50%\u009d, se\u00f1al\u00f3 Olsen.<\/p>\n","protected":false},"author":1,"featured_media":231225,"comment_status":"open","ping_status":"open","sticky":false,"template":"","format":"standard","meta":[],"categories":[43],"tags":[],"_links":{"self":[{"href":"https:\/\/www.ecuadortimes.net\/es\/wp-json\/wp\/v2\/posts\/231224"}],"collection":[{"href":"https:\/\/www.ecuadortimes.net\/es\/wp-json\/wp\/v2\/posts"}],"about":[{"href":"https:\/\/www.ecuadortimes.net\/es\/wp-json\/wp\/v2\/types\/post"}],"author":[{"embeddable":true,"href":"https:\/\/www.ecuadortimes.net\/es\/wp-json\/wp\/v2\/users\/1"}],"replies":[{"embeddable":true,"href":"https:\/\/www.ecuadortimes.net\/es\/wp-json\/wp\/v2\/comments?post=231224"}],"version-history":[{"count":0,"href":"https:\/\/www.ecuadortimes.net\/es\/wp-json\/wp\/v2\/posts\/231224\/revisions"}],"wp:featuredmedia":[{"embeddable":true,"href":"https:\/\/www.ecuadortimes.net\/es\/wp-json\/wp\/v2\/media\/231225"}],"wp:attachment":[{"href":"https:\/\/www.ecuadortimes.net\/es\/wp-json\/wp\/v2\/media?parent=231224"}],"wp:term":[{"taxonomy":"category","embeddable":true,"href":"https:\/\/www.ecuadortimes.net\/es\/wp-json\/wp\/v2\/categories?post=231224"},{"taxonomy":"post_tag","embeddable":true,"href":"https:\/\/www.ecuadortimes.net\/es\/wp-json\/wp\/v2\/tags?post=231224"}],"curies":[{"name":"wp","href":"https:\/\/api.w.org\/{rel}","templated":true}]}}