{"id":231226,"date":"2014-11-14T00:00:00","date_gmt":"2014-11-14T00:00:00","guid":{"rendered":"https:\/\/www.ecuadortimes.net\/es\/galo-lara-esta-siendo-extraditado-desde-panama-segun-fiscal-chiriboga\/"},"modified":"2014-11-14T00:00:00","modified_gmt":"2014-11-14T00:00:00","slug":"galo-lara-esta-siendo-extraditado-desde-panama-segun-fiscal-chiriboga","status":"publish","type":"post","link":"https:\/\/www.ecuadortimes.net\/es\/galo-lara-esta-siendo-extraditado-desde-panama-segun-fiscal-chiriboga\/","title":{"rendered":"Galo Lara esta siendo extraditado desde Panam\u00e1 seg\u00fan fiscal Chiriboga"},"content":{"rendered":"<div id=\"attachment_158898\" style=\"width: 529px\" class=\"wp-caption alignright\"><a href=\"http:\/\/www.ecuadortimes.net\/es\/wp-content\/uploads\/2014\/11\/Galo-Lara-extraditado-desde-Panama-Ecuador-fiscal-Chiriboga.jpg\"><img aria-describedby=\"caption-attachment-158898\" loading=\"lazy\" class=\" wp-image-158898\" src=\"https:\/\/www.ecuadortimes.net\/es\/wp-content\/uploads\/2014\/11\/Galo-Lara-extraditado-desde-Panama-Ecuador-fiscal-Chiriboga.jpg\" alt=\"Foto difundida hoy viernes 14 de noviembre por el ministerio del Interior de Galo Lara apresado en Panam\u00e1.\" width=\"519\" height=\"373\" \/><\/a><p id=\"caption-attachment-158898\" class=\"wp-caption-text\">Foto difundida hoy viernes 14 de noviembre por el ministerio del Interior de Galo Lara apresado en Panam\u00e1.<\/p><\/div>\n<p>El exasamble\u00edsta Galo Lara, sentenciado a 10 a\u00f1os de prisi\u00f3n por complicidad en el triple asesinato en Quinsaloma, est\u00e1 siendo extraditado desde Panam\u00e1 a Ecuador, inform\u00f3 el fiscal general de la Naci\u00f3n Galo Chiriboga.<\/p>\n<p>#URG Galo Lara esta siendo extraditado desde <a href=\"https:\/\/twitter.com\/hashtag\/Panam%C3%A1?src=hash\">#Panam\u00e1<\/a> hacia #Ecuador\u009d, escribi\u00f3 en su cuenta de Twitter el fiscal.<\/p>\n<p>Lara se encontraba en Panam\u00e1 donde pidi\u00f3 asilo pol\u00edtico declar\u00e1ndose perseguido pol\u00edtico; no obstante, la condena llev\u00f3 a Panam\u00e1 a revocar el asilo dado al ex asamble\u00edsta y a avalar su proceso de extradici\u00f3n, que acept\u00f3 la Corte Suprema de Justicia de ese pa\u00eds.<\/p>\n<p>Hasta el momento el lugar del arribo del vuelo de Lara ser\u00eda Latacunga y se estima que alrededor de las 17:00 arribe en un vuelo directo hacia el pa\u00eds.<\/p>\n<p>El proceso de extradici\u00f3n se lleva a cabo luego de que en agosto de este a\u00f1o, el gobierno paname\u00f1o declar\u00f3 procedente\u009d la solicitud de extradici\u00f3n realizada por Ecuador en contra del exasamble\u00edsta.<\/p>\n","protected":false},"excerpt":{"rendered":"<p>El exasamble\u00edsta Galo Lara, sentenciado a 10 a\u00f1os de prisi\u00f3n por complicidad en el triple asesinato en Quinsaloma, est\u00e1 siendo extraditado desde Panam\u00e1 a Ecuador, inform\u00f3 el fiscal general de la Naci\u00f3n Galo Chiriboga. #URG Galo Lara esta siendo extraditado desde #Panam\u00e1 hacia #Ecuador\u009d, escribi\u00f3 en su cuenta de Twitter el fiscal. Lara se encontraba en Panam\u00e1 donde pidi\u00f3 asilo pol\u00edtico declar\u00e1ndose perseguido pol\u00edtico; no obstante, la condena llev\u00f3 a Panam\u00e1 a revocar el asilo dado al ex asamble\u00edsta y a avalar su proceso de extradici\u00f3n, que acept\u00f3 la Corte Suprema de Justicia de ese pa\u00eds. Hasta el momento el lugar del arribo del vuelo de Lara ser\u00eda Latacunga y se estima que alrededor de las 17:00 arribe en un vuelo directo hacia el pa\u00eds. El proceso de extradici\u00f3n se lleva a cabo luego de que en agosto de este a\u00f1o, el gobierno paname\u00f1o declar\u00f3 procedente\u009d la solicitud de extradici\u00f3n realizada por Ecuador en contra del exasamble\u00edsta.<\/p>\n","protected":false},"author":1,"featured_media":231227,"comment_status":"open","ping_status":"open","sticky":false,"template":"","format":"standard","meta":[],"categories":[54,40,37],"tags":[],"_links":{"self":[{"href":"https:\/\/www.ecuadortimes.net\/es\/wp-json\/wp\/v2\/posts\/231226"}],"collection":[{"href":"https:\/\/www.ecuadortimes.net\/es\/wp-json\/wp\/v2\/posts"}],"about":[{"href":"https:\/\/www.ecuadortimes.net\/es\/wp-json\/wp\/v2\/types\/post"}],"author":[{"embeddable":true,"href":"https:\/\/www.ecuadortimes.net\/es\/wp-json\/wp\/v2\/users\/1"}],"replies":[{"embeddable":true,"href":"https:\/\/www.ecuadortimes.net\/es\/wp-json\/wp\/v2\/comments?post=231226"}],"version-history":[{"count":0,"href":"https:\/\/www.ecuadortimes.net\/es\/wp-json\/wp\/v2\/posts\/231226\/revisions"}],"wp:featuredmedia":[{"embeddable":true,"href":"https:\/\/www.ecuadortimes.net\/es\/wp-json\/wp\/v2\/media\/231227"}],"wp:attachment":[{"href":"https:\/\/www.ecuadortimes.net\/es\/wp-json\/wp\/v2\/media?parent=231226"}],"wp:term":[{"taxonomy":"category","embeddable":true,"href":"https:\/\/www.ecuadortimes.net\/es\/wp-json\/wp\/v2\/categories?post=231226"},{"taxonomy":"post_tag","embeddable":true,"href":"https:\/\/www.ecuadortimes.net\/es\/wp-json\/wp\/v2\/tags?post=231226"}],"curies":[{"name":"wp","href":"https:\/\/api.w.org\/{rel}","templated":true}]}}