{"id":231228,"date":"2014-11-14T00:00:00","date_gmt":"2014-11-14T00:00:00","guid":{"rendered":"https:\/\/www.ecuadortimes.net\/es\/23-de-68-estudiantes-del-colegio-mejia-regresan-a-clases\/"},"modified":"2014-11-14T00:00:00","modified_gmt":"2014-11-14T00:00:00","slug":"23-de-68-estudiantes-del-colegio-mejia-regresan-a-clases","status":"publish","type":"post","link":"https:\/\/www.ecuadortimes.net\/es\/23-de-68-estudiantes-del-colegio-mejia-regresan-a-clases\/","title":{"rendered":"23 de 68 estudiantes del colegio Mej\u00eda regresan a clases"},"content":{"rendered":"<p style=\"text-align: justify;\"><a href=\"http:\/\/www.ecuadortimes.net\/es\/wp-content\/uploads\/2014\/11\/mejia.jpg\"><img loading=\"lazy\" class=\"alignright wp-image-158902\" src=\"https:\/\/www.ecuadortimes.net\/es\/wp-content\/uploads\/2014\/11\/mejia-300x180.jpg\" alt=\"mejia\" width=\"400\" height=\"240\" \/><\/a>De 68 estudiantes del colegio Mej\u00eda que enfrentan procesos disciplinarios por las protestas del pasado 18 de septiembre, la Junta Distrital de Resoluci\u00f3n de Conflictos del Ministerio de Educaci\u00f3n orden\u00f3 que 23 de ellos regresen a las aulas.<\/p>\n<p style=\"text-align: justify;\">El Rector del plantel, Jaime Torres, explic\u00f3 que el informe presentado tiene el reingreso de ese grupo, que es el n\u00famero de informes que avanz\u00f3 a realizar hasta el momento y faltan al menos 45 m\u00e1s que est\u00e1n en proceso de elaboraci\u00f3n y que incluyen a los 15 estudiantes que hace ocho d\u00edas recuperaron su libertad y salieron del Centro de Detenci\u00f3n Provincial tras el proceso judicial.<\/p>\n<p style=\"text-align: justify;\">Aclar\u00f3 que los 23 alumnos son menores de edad, y con respecto a los dem\u00e1s a\u00fan se trabaja en los informes, pues dijo que varios padres de familia y sus abogados a\u00fan no hacen uso de su derecho a la defensa.<\/p>\n","protected":false},"excerpt":{"rendered":"<p>De 68 estudiantes del colegio Mej\u00eda que enfrentan procesos disciplinarios por las protestas del pasado 18 de septiembre, la Junta Distrital de Resoluci\u00f3n de Conflictos del Ministerio de Educaci\u00f3n orden\u00f3 que 23 de ellos regresen a las aulas. El Rector del plantel, Jaime Torres, explic\u00f3 que el informe presentado tiene el reingreso de ese grupo, que es el n\u00famero de informes que avanz\u00f3 a realizar hasta el momento y faltan al menos 45 m\u00e1s que est\u00e1n en proceso de elaboraci\u00f3n y que incluyen a los 15 estudiantes que hace ocho d\u00edas recuperaron su libertad y salieron del Centro de Detenci\u00f3n Provincial tras el proceso judicial. Aclar\u00f3 que los 23 alumnos son menores de edad, y con respecto a los dem\u00e1s a\u00fan se trabaja en los informes, pues dijo que varios padres de familia y sus abogados a\u00fan no hacen uso de su derecho a la defensa.<\/p>\n","protected":false},"author":1,"featured_media":231229,"comment_status":"open","ping_status":"open","sticky":false,"template":"","format":"standard","meta":[],"categories":[54,35,37],"tags":[],"_links":{"self":[{"href":"https:\/\/www.ecuadortimes.net\/es\/wp-json\/wp\/v2\/posts\/231228"}],"collection":[{"href":"https:\/\/www.ecuadortimes.net\/es\/wp-json\/wp\/v2\/posts"}],"about":[{"href":"https:\/\/www.ecuadortimes.net\/es\/wp-json\/wp\/v2\/types\/post"}],"author":[{"embeddable":true,"href":"https:\/\/www.ecuadortimes.net\/es\/wp-json\/wp\/v2\/users\/1"}],"replies":[{"embeddable":true,"href":"https:\/\/www.ecuadortimes.net\/es\/wp-json\/wp\/v2\/comments?post=231228"}],"version-history":[{"count":0,"href":"https:\/\/www.ecuadortimes.net\/es\/wp-json\/wp\/v2\/posts\/231228\/revisions"}],"wp:featuredmedia":[{"embeddable":true,"href":"https:\/\/www.ecuadortimes.net\/es\/wp-json\/wp\/v2\/media\/231229"}],"wp:attachment":[{"href":"https:\/\/www.ecuadortimes.net\/es\/wp-json\/wp\/v2\/media?parent=231228"}],"wp:term":[{"taxonomy":"category","embeddable":true,"href":"https:\/\/www.ecuadortimes.net\/es\/wp-json\/wp\/v2\/categories?post=231228"},{"taxonomy":"post_tag","embeddable":true,"href":"https:\/\/www.ecuadortimes.net\/es\/wp-json\/wp\/v2\/tags?post=231228"}],"curies":[{"name":"wp","href":"https:\/\/api.w.org\/{rel}","templated":true}]}}