{"id":231230,"date":"2014-11-14T00:00:00","date_gmt":"2014-11-14T00:00:00","guid":{"rendered":"https:\/\/www.ecuadortimes.net\/es\/ecuador-busca-dialogar-con-suecia-por-situacion-de-assange\/"},"modified":"2014-11-14T00:00:00","modified_gmt":"2014-11-14T00:00:00","slug":"ecuador-busca-dialogar-con-suecia-por-situacion-de-assange","status":"publish","type":"post","link":"https:\/\/www.ecuadortimes.net\/es\/ecuador-busca-dialogar-con-suecia-por-situacion-de-assange\/","title":{"rendered":"Ecuador busca dialogar con Suecia por situaci\u00f3n de Assange"},"content":{"rendered":"<p style=\"color: #444444; text-align: justify;\"><span style=\"color: #000000;\"><a href=\"http:\/\/www.ecuadortimes.net\/es\/wp-content\/uploads\/2014\/11\/suecia.png\"><img loading=\"lazy\" class=\"alignright wp-image-158906 size-full\" src=\"https:\/\/www.ecuadortimes.net\/es\/wp-content\/uploads\/2014\/11\/suecia.png\" alt=\"suecia\" width=\"300\" height=\"213\" \/><\/a>Ecuador expres\u00f3 el 13 de noviembre a Suecia &#8220;la necesidad de mantener un di\u00e1logo constructivo&#8221;, acorde con los &#8220;principios de soberan\u00eda e independencia de poderes&#8221;, sobre el caso del fundador de WikiLeaks, Julian Assange, asilado en la embajada ecuatoriana en Londres y requerido por la Justicia sueca.<\/span><\/p>\n<p style=\"color: #444444; text-align: justify;\"><span style=\"color: #000000;\">El canciller Ricardo Pati\u00f1o recibi\u00f3 en Quito a Marie Andersson de Frutos, Embajadora de Suecia concurrente en Ecuador, a quien reiter\u00f3 la importancia que Ecuador asigna al caso de Assange, inform\u00f3 el Ministerio de Relaciones Exteriores.<\/span><\/p>\n<p style=\"color: #444444; text-align: justify;\"><span style=\"color: #000000;\">Seg\u00fan un comunicado oficial, se &#8220;puntualiz\u00f3 con firmeza los fundamentos jur\u00eddicos para la concesi\u00f3n del asilo, as\u00ed como la tradicional posici\u00f3n de Ecuador con respeto a los derechos humanos&#8221;. Y &#8220;concluy\u00f3 que el inmovilismo atenta contra los derechos humanos de todos los involucrados en este sensible caso, en particular contra Assange&#8221;.\u00a0<\/span><\/p>\n<p>&nbsp;<\/p>\n","protected":false},"excerpt":{"rendered":"<p>Ecuador expres\u00f3 el 13 de noviembre a Suecia &#8220;la necesidad de mantener un di\u00e1logo constructivo&#8221;, acorde con los &#8220;principios de soberan\u00eda e independencia de poderes&#8221;, sobre el caso del fundador de WikiLeaks, Julian Assange, asilado en la embajada ecuatoriana en Londres y requerido por la Justicia sueca. El canciller Ricardo Pati\u00f1o recibi\u00f3 en Quito a Marie Andersson de Frutos, Embajadora de Suecia concurrente en Ecuador, a quien reiter\u00f3 la importancia que Ecuador asigna al caso de Assange, inform\u00f3 el Ministerio de Relaciones Exteriores. Seg\u00fan un comunicado oficial, se &#8220;puntualiz\u00f3 con firmeza los fundamentos jur\u00eddicos para la concesi\u00f3n del asilo, as\u00ed como la tradicional posici\u00f3n de Ecuador con respeto a los derechos humanos&#8221;. Y &#8220;concluy\u00f3 que el inmovilismo atenta contra los derechos humanos de todos los involucrados en este sensible caso, en particular contra Assange&#8221;.\u00a0 &nbsp;<\/p>\n","protected":false},"author":1,"featured_media":0,"comment_status":"open","ping_status":"open","sticky":false,"template":"","format":"standard","meta":[],"categories":[40,37],"tags":[],"_links":{"self":[{"href":"https:\/\/www.ecuadortimes.net\/es\/wp-json\/wp\/v2\/posts\/231230"}],"collection":[{"href":"https:\/\/www.ecuadortimes.net\/es\/wp-json\/wp\/v2\/posts"}],"about":[{"href":"https:\/\/www.ecuadortimes.net\/es\/wp-json\/wp\/v2\/types\/post"}],"author":[{"embeddable":true,"href":"https:\/\/www.ecuadortimes.net\/es\/wp-json\/wp\/v2\/users\/1"}],"replies":[{"embeddable":true,"href":"https:\/\/www.ecuadortimes.net\/es\/wp-json\/wp\/v2\/comments?post=231230"}],"version-history":[{"count":0,"href":"https:\/\/www.ecuadortimes.net\/es\/wp-json\/wp\/v2\/posts\/231230\/revisions"}],"wp:attachment":[{"href":"https:\/\/www.ecuadortimes.net\/es\/wp-json\/wp\/v2\/media?parent=231230"}],"wp:term":[{"taxonomy":"category","embeddable":true,"href":"https:\/\/www.ecuadortimes.net\/es\/wp-json\/wp\/v2\/categories?post=231230"},{"taxonomy":"post_tag","embeddable":true,"href":"https:\/\/www.ecuadortimes.net\/es\/wp-json\/wp\/v2\/tags?post=231230"}],"curies":[{"name":"wp","href":"https:\/\/api.w.org\/{rel}","templated":true}]}}