{"id":231239,"date":"2014-11-15T00:00:00","date_gmt":"2014-11-15T00:00:00","guid":{"rendered":"https:\/\/www.ecuadortimes.net\/es\/sede-de-unasur-se-inaugurara-en-quito\/"},"modified":"2014-11-15T00:00:00","modified_gmt":"2014-11-15T00:00:00","slug":"sede-de-unasur-se-inaugurara-en-quito","status":"publish","type":"post","link":"https:\/\/www.ecuadortimes.net\/es\/sede-de-unasur-se-inaugurara-en-quito\/","title":{"rendered":"Sede de Unasur se inaugurar\u00e1 en Quito"},"content":{"rendered":"<p>El pr\u00f3ximo 5 de diciembre los presidentes de la Uni\u00f3n de Naciones Suramericanas (Unasur) se reunir\u00e1n en Quito para inaugurar la sede del organismo, inform\u00f3 este viernes el canciller Ricardo Pati\u00f1o.<\/p>\n<p>Constituido en 2011, el bloque de 12 pa\u00edses contar\u00e1 con una sede permanente en las afueras de la capital, donde adem\u00e1s funcionar\u00e1 la secretar\u00eda general que ejerce actualmente el expresidente colombiano Ernesto Samper (1994-1998).<\/p>\n<p>Los mandatarios prev\u00e9n celebrar una cumbre ese d\u00eda con ocasi\u00f3n de la entrada en funcionamiento del moderno edificio. La sede de la Unasur ocupa 19 km2 y su construcci\u00f3n cost\u00f3 37 millones de d\u00f3lares.<\/p>\n<p><a href=\"http:\/\/www.ecuadortimes.net\/es\/wp-content\/uploads\/2014\/11\/edificio-unasur-presidentes-van-a-inaugurar.jpg\"><img loading=\"lazy\" class=\"aligncenter size-full wp-image-158924\" src=\"https:\/\/www.ecuadortimes.net\/es\/wp-content\/uploads\/2014\/11\/edificio-unasur-presidentes-van-a-inaugurar.jpg\" alt=\"edificio-unasur-presidentes-van-a-inaugurar\" width=\"580\" height=\"282\" \/><\/a><\/p>\n","protected":false},"excerpt":{"rendered":"<p>El pr\u00f3ximo 5 de diciembre los presidentes de la Uni\u00f3n de Naciones Suramericanas (Unasur) se reunir\u00e1n en Quito para inaugurar la sede del organismo, inform\u00f3 este viernes el canciller Ricardo Pati\u00f1o. Constituido en 2011, el bloque de 12 pa\u00edses contar\u00e1 con una sede permanente en las afueras de la capital, donde adem\u00e1s funcionar\u00e1 la secretar\u00eda general que ejerce actualmente el expresidente colombiano Ernesto Samper (1994-1998). Los mandatarios prev\u00e9n celebrar una cumbre ese d\u00eda con ocasi\u00f3n de la entrada en funcionamiento del moderno edificio. La sede de la Unasur ocupa 19 km2 y su construcci\u00f3n cost\u00f3 37 millones de d\u00f3lares.<\/p>\n","protected":false},"author":1,"featured_media":231240,"comment_status":"open","ping_status":"open","sticky":false,"template":"","format":"standard","meta":[],"categories":[34,41,37],"tags":[],"_links":{"self":[{"href":"https:\/\/www.ecuadortimes.net\/es\/wp-json\/wp\/v2\/posts\/231239"}],"collection":[{"href":"https:\/\/www.ecuadortimes.net\/es\/wp-json\/wp\/v2\/posts"}],"about":[{"href":"https:\/\/www.ecuadortimes.net\/es\/wp-json\/wp\/v2\/types\/post"}],"author":[{"embeddable":true,"href":"https:\/\/www.ecuadortimes.net\/es\/wp-json\/wp\/v2\/users\/1"}],"replies":[{"embeddable":true,"href":"https:\/\/www.ecuadortimes.net\/es\/wp-json\/wp\/v2\/comments?post=231239"}],"version-history":[{"count":0,"href":"https:\/\/www.ecuadortimes.net\/es\/wp-json\/wp\/v2\/posts\/231239\/revisions"}],"wp:featuredmedia":[{"embeddable":true,"href":"https:\/\/www.ecuadortimes.net\/es\/wp-json\/wp\/v2\/media\/231240"}],"wp:attachment":[{"href":"https:\/\/www.ecuadortimes.net\/es\/wp-json\/wp\/v2\/media?parent=231239"}],"wp:term":[{"taxonomy":"category","embeddable":true,"href":"https:\/\/www.ecuadortimes.net\/es\/wp-json\/wp\/v2\/categories?post=231239"},{"taxonomy":"post_tag","embeddable":true,"href":"https:\/\/www.ecuadortimes.net\/es\/wp-json\/wp\/v2\/tags?post=231239"}],"curies":[{"name":"wp","href":"https:\/\/api.w.org\/{rel}","templated":true}]}}