{"id":231247,"date":"2014-11-17T00:00:00","date_gmt":"2014-11-17T00:00:00","guid":{"rendered":"https:\/\/www.ecuadortimes.net\/es\/trabajadores-marcharan-el-miercoles-en-rechazo-a-reformas-laborales\/"},"modified":"2014-11-17T00:00:00","modified_gmt":"2014-11-17T00:00:00","slug":"trabajadores-marcharan-el-miercoles-en-rechazo-a-reformas-laborales","status":"publish","type":"post","link":"https:\/\/www.ecuadortimes.net\/es\/trabajadores-marcharan-el-miercoles-en-rechazo-a-reformas-laborales\/","title":{"rendered":"Trabajadores marchar\u00e1n el mi\u00e9rcoles en rechazo a reformas laborales"},"content":{"rendered":"<p><a href=\"http:\/\/www.ecuadortimes.net\/es\/wp-content\/uploads\/2014\/11\/trabajadores-marcha.jpg\"><img loading=\"lazy\" class=\"alignright  wp-image-158938\" src=\"https:\/\/www.ecuadortimes.net\/es\/wp-content\/uploads\/2014\/11\/trabajadores-marcha-300x166.jpg\" alt=\"trabajadores-marcha\" width=\"385\" height=\"213\" \/><\/a>Organizaciones sociales y de trabajadores anunciaron ayer que se encuentran preparando una marcha en contra al proyecto de reformas al C\u00f3digo de trabajo y a la Ley de Seguridad Social. La protesta se realizar\u00eda el mi\u00e9rcoles 19 de noviembre.<\/p>\n<p>En las 24 cabeceras provinciales se movilizar\u00e1n trabajadores, maestros, estudiantes, campesinos y profesionales porque estamos en contra de que se le meta la mano en el bolsillo al pueblo y de que se violenten las garant\u00edas constitucionales\u009d, indic\u00f3 Luis Chancay, Presidente del Frente Popular del Guayas.<\/p>\n<p>En Guayaquil la movilizaci\u00f3n ser\u00e1 desde las 16:30 y partir\u00e1 desde la intersecci\u00f3n de las calles 9 de Octubre y Lorenzo de Garaycoa, junto al Parque del Centenario.<\/p>\n<p>La protesta tambi\u00e9n tiene como objetivo rechazar el fallo de la Corte Constitucional que dictamin\u00f3 que la Asamblea Nacional tramite un paquete de enmiendas constitucionales donde se encuentra la reelecci\u00f3n indefinida.<\/p>\n","protected":false},"excerpt":{"rendered":"<p>Organizaciones sociales y de trabajadores anunciaron ayer que se encuentran preparando una marcha en contra al proyecto de reformas al C\u00f3digo de trabajo y a la Ley de Seguridad Social. La protesta se realizar\u00eda el mi\u00e9rcoles 19 de noviembre. En las 24 cabeceras provinciales se movilizar\u00e1n trabajadores, maestros, estudiantes, campesinos y profesionales porque estamos en contra de que se le meta la mano en el bolsillo al pueblo y de que se violenten las garant\u00edas constitucionales\u009d, indic\u00f3 Luis Chancay, Presidente del Frente Popular del Guayas. En Guayaquil la movilizaci\u00f3n ser\u00e1 desde las 16:30 y partir\u00e1 desde la intersecci\u00f3n de las calles 9 de Octubre y Lorenzo de Garaycoa, junto al Parque del Centenario. La protesta tambi\u00e9n tiene como objetivo rechazar el fallo de la Corte Constitucional que dictamin\u00f3 que la Asamblea Nacional tramite un paquete de enmiendas constitucionales donde se encuentra la reelecci\u00f3n indefinida.<\/p>\n","protected":false},"author":1,"featured_media":231248,"comment_status":"open","ping_status":"open","sticky":false,"template":"","format":"standard","meta":[],"categories":[54,40],"tags":[],"_links":{"self":[{"href":"https:\/\/www.ecuadortimes.net\/es\/wp-json\/wp\/v2\/posts\/231247"}],"collection":[{"href":"https:\/\/www.ecuadortimes.net\/es\/wp-json\/wp\/v2\/posts"}],"about":[{"href":"https:\/\/www.ecuadortimes.net\/es\/wp-json\/wp\/v2\/types\/post"}],"author":[{"embeddable":true,"href":"https:\/\/www.ecuadortimes.net\/es\/wp-json\/wp\/v2\/users\/1"}],"replies":[{"embeddable":true,"href":"https:\/\/www.ecuadortimes.net\/es\/wp-json\/wp\/v2\/comments?post=231247"}],"version-history":[{"count":0,"href":"https:\/\/www.ecuadortimes.net\/es\/wp-json\/wp\/v2\/posts\/231247\/revisions"}],"wp:featuredmedia":[{"embeddable":true,"href":"https:\/\/www.ecuadortimes.net\/es\/wp-json\/wp\/v2\/media\/231248"}],"wp:attachment":[{"href":"https:\/\/www.ecuadortimes.net\/es\/wp-json\/wp\/v2\/media?parent=231247"}],"wp:term":[{"taxonomy":"category","embeddable":true,"href":"https:\/\/www.ecuadortimes.net\/es\/wp-json\/wp\/v2\/categories?post=231247"},{"taxonomy":"post_tag","embeddable":true,"href":"https:\/\/www.ecuadortimes.net\/es\/wp-json\/wp\/v2\/tags?post=231247"}],"curies":[{"name":"wp","href":"https:\/\/api.w.org\/{rel}","templated":true}]}}