{"id":232500,"date":"2015-01-08T00:00:00","date_gmt":"2015-01-08T00:00:00","guid":{"rendered":"https:\/\/www.ecuadortimes.net\/es\/ministerio-de-educacion-espera-300-mil-nuevos-estudiantes-al-sistema-fiscal\/"},"modified":"2015-01-08T00:00:00","modified_gmt":"2015-01-08T00:00:00","slug":"ministerio-de-educacion-espera-300-mil-nuevos-estudiantes-al-sistema-fiscal","status":"publish","type":"post","link":"https:\/\/www.ecuadortimes.net\/es\/ministerio-de-educacion-espera-300-mil-nuevos-estudiantes-al-sistema-fiscal\/","title":{"rendered":"Ministerio de Educaci\u00f3n espera 300 mil nuevos estudiantes al sistema fiscal"},"content":{"rendered":"<p><a href=\"http:\/\/www.ecuadortimes.net\/es\/wp-content\/uploads\/2015\/01\/minisedu.jpg\"><img loading=\"lazy\" class=\" size-medium wp-image-161462 alignright\" src=\"https:\/\/www.ecuadortimes.net\/es\/wp-content\/uploads\/2015\/01\/minisedu-300x200.jpg\" alt=\"minisedu\" width=\"300\" height=\"200\" \/><\/a>M\u00e1s de 650 sedes dispuestas por el Ministerio de Educaci\u00f3n iniciaron el pasado lunes 5 de enero el proceso de inscripci\u00f3n estudiantil para el r\u00e9gimen Costa del periodo escolar 2015-2016.<\/p>\n<p>El ministro de Educaci\u00f3n, Augusto Espinosa, explic\u00f3 que para este periodo escolar se espera la inscripci\u00f3n de aproximadamente 300.000 nuevos estudiantes en el sistema educativo fiscal, es decir, se calcula un incremento del 15% en la matr\u00edcula del nuevo periodo.<\/p>\n<p>El proceso se cumplir\u00e1 hasta el pr\u00f3ximo 24 de enero y est\u00e1 dirigido a todos aquellos aspirantes que deseen ingresar por primera vez al sistema educativo fiscal.<\/p>\n","protected":false},"excerpt":{"rendered":"<p>M\u00e1s de 650 sedes dispuestas por el Ministerio de Educaci\u00f3n iniciaron el pasado lunes 5 de enero el proceso de inscripci\u00f3n estudiantil para el r\u00e9gimen Costa del periodo escolar 2015-2016. El ministro de Educaci\u00f3n, Augusto Espinosa, explic\u00f3 que para este periodo escolar se espera la inscripci\u00f3n de aproximadamente 300.000 nuevos estudiantes en el sistema educativo fiscal, es decir, se calcula un incremento del 15% en la matr\u00edcula del nuevo periodo. El proceso se cumplir\u00e1 hasta el pr\u00f3ximo 24 de enero y est\u00e1 dirigido a todos aquellos aspirantes que deseen ingresar por primera vez al sistema educativo fiscal.<\/p>\n","protected":false},"author":1,"featured_media":232501,"comment_status":"open","ping_status":"open","sticky":false,"template":"","format":"standard","meta":[],"categories":[40,35,37],"tags":[],"_links":{"self":[{"href":"https:\/\/www.ecuadortimes.net\/es\/wp-json\/wp\/v2\/posts\/232500"}],"collection":[{"href":"https:\/\/www.ecuadortimes.net\/es\/wp-json\/wp\/v2\/posts"}],"about":[{"href":"https:\/\/www.ecuadortimes.net\/es\/wp-json\/wp\/v2\/types\/post"}],"author":[{"embeddable":true,"href":"https:\/\/www.ecuadortimes.net\/es\/wp-json\/wp\/v2\/users\/1"}],"replies":[{"embeddable":true,"href":"https:\/\/www.ecuadortimes.net\/es\/wp-json\/wp\/v2\/comments?post=232500"}],"version-history":[{"count":0,"href":"https:\/\/www.ecuadortimes.net\/es\/wp-json\/wp\/v2\/posts\/232500\/revisions"}],"wp:featuredmedia":[{"embeddable":true,"href":"https:\/\/www.ecuadortimes.net\/es\/wp-json\/wp\/v2\/media\/232501"}],"wp:attachment":[{"href":"https:\/\/www.ecuadortimes.net\/es\/wp-json\/wp\/v2\/media?parent=232500"}],"wp:term":[{"taxonomy":"category","embeddable":true,"href":"https:\/\/www.ecuadortimes.net\/es\/wp-json\/wp\/v2\/categories?post=232500"},{"taxonomy":"post_tag","embeddable":true,"href":"https:\/\/www.ecuadortimes.net\/es\/wp-json\/wp\/v2\/tags?post=232500"}],"curies":[{"name":"wp","href":"https:\/\/api.w.org\/{rel}","templated":true}]}}