{"id":232526,"date":"2015-01-09T00:00:00","date_gmt":"2015-01-09T00:00:00","guid":{"rendered":"https:\/\/www.ecuadortimes.net\/es\/empresarios-en-ecuador-inician-el-ano-con-tres-normativas\/"},"modified":"2015-01-09T00:00:00","modified_gmt":"2015-01-09T00:00:00","slug":"empresarios-en-ecuador-inician-el-ano-con-tres-normativas","status":"publish","type":"post","link":"https:\/\/www.ecuadortimes.net\/es\/empresarios-en-ecuador-inician-el-ano-con-tres-normativas\/","title":{"rendered":"Empresarios en Ecuador  inician el a\u00f1o con tres normativas"},"content":{"rendered":"<p class=\"ecxMsoNormal\"><a href=\"http:\/\/www.ecuadortimes.net\/es\/wp-content\/uploads\/2015\/01\/empresarios.jpg\"><img loading=\"lazy\" class=\" size-medium wp-image-161512 alignright\" src=\"https:\/\/www.ecuadortimes.net\/es\/wp-content\/uploads\/2015\/01\/empresarios-300x167.jpg\" alt=\"empresarios\" width=\"300\" height=\"167\" \/><\/a>Con tres golpes comenz\u00f3 el primer mes del 2015 para los empresarios, dijo el 8 de enero Pablo Arosemena, presidente de la C\u00e1mara de Comercio de Guayaquil, durante una reuni\u00f3n a la que se dieron cita representantes de gremios comerciales e industriales del pa\u00eds.<\/p>\n<p class=\"ecxMsoNormal\">La aplicaci\u00f3n del arancel cambiario a Colombia (21%) y Per\u00fa (7%) para las importaciones, las reformas tributarias (refiri\u00e9ndose espec\u00edficamente al impuesto del 100% a las cocinas de gas) y la reducci\u00f3n al cupo de las importaciones de veh\u00edculos, son las tres principales preocupaciones con las que arrancan las operaciones de sus negocios los empresarios.<\/p>\n<p class=\"ecxMsoNormal\">Al vicepresidente t\u00e9cnico de la C\u00e1mara de Industrias de Cuenca, Andr\u00e9s Robalino, le preocupa que Per\u00fa imponga sanciones a productos estrellas\u009d que se env\u00edan a ese mercado y concretamente de Cuenca como la l\u00ednea blanca.<\/p>\n<p>&nbsp;<\/p>\n","protected":false},"excerpt":{"rendered":"<p>Con tres golpes comenz\u00f3 el primer mes del 2015 para los empresarios, dijo el 8 de enero Pablo Arosemena, presidente de la C\u00e1mara de Comercio de Guayaquil, durante una reuni\u00f3n a la que se dieron cita representantes de gremios comerciales e industriales del pa\u00eds. La aplicaci\u00f3n del arancel cambiario a Colombia (21%) y Per\u00fa (7%) para las importaciones, las reformas tributarias (refiri\u00e9ndose espec\u00edficamente al impuesto del 100% a las cocinas de gas) y la reducci\u00f3n al cupo de las importaciones de veh\u00edculos, son las tres principales preocupaciones con las que arrancan las operaciones de sus negocios los empresarios. Al vicepresidente t\u00e9cnico de la C\u00e1mara de Industrias de Cuenca, Andr\u00e9s Robalino, le preocupa que Per\u00fa imponga sanciones a productos estrellas\u009d que se env\u00edan a ese mercado y concretamente de Cuenca como la l\u00ednea blanca. &nbsp;<\/p>\n","protected":false},"author":1,"featured_media":232527,"comment_status":"open","ping_status":"open","sticky":false,"template":"","format":"standard","meta":[],"categories":[43,40,37],"tags":[],"_links":{"self":[{"href":"https:\/\/www.ecuadortimes.net\/es\/wp-json\/wp\/v2\/posts\/232526"}],"collection":[{"href":"https:\/\/www.ecuadortimes.net\/es\/wp-json\/wp\/v2\/posts"}],"about":[{"href":"https:\/\/www.ecuadortimes.net\/es\/wp-json\/wp\/v2\/types\/post"}],"author":[{"embeddable":true,"href":"https:\/\/www.ecuadortimes.net\/es\/wp-json\/wp\/v2\/users\/1"}],"replies":[{"embeddable":true,"href":"https:\/\/www.ecuadortimes.net\/es\/wp-json\/wp\/v2\/comments?post=232526"}],"version-history":[{"count":0,"href":"https:\/\/www.ecuadortimes.net\/es\/wp-json\/wp\/v2\/posts\/232526\/revisions"}],"wp:featuredmedia":[{"embeddable":true,"href":"https:\/\/www.ecuadortimes.net\/es\/wp-json\/wp\/v2\/media\/232527"}],"wp:attachment":[{"href":"https:\/\/www.ecuadortimes.net\/es\/wp-json\/wp\/v2\/media?parent=232526"}],"wp:term":[{"taxonomy":"category","embeddable":true,"href":"https:\/\/www.ecuadortimes.net\/es\/wp-json\/wp\/v2\/categories?post=232526"},{"taxonomy":"post_tag","embeddable":true,"href":"https:\/\/www.ecuadortimes.net\/es\/wp-json\/wp\/v2\/tags?post=232526"}],"curies":[{"name":"wp","href":"https:\/\/api.w.org\/{rel}","templated":true}]}}