{"id":232532,"date":"2015-01-10T00:00:00","date_gmt":"2015-01-10T00:00:00","guid":{"rendered":"https:\/\/www.ecuadortimes.net\/es\/presidente-correa-regresa-de-china-firmando-varios-acuerdos\/"},"modified":"2015-01-10T00:00:00","modified_gmt":"2015-01-10T00:00:00","slug":"presidente-correa-regresa-de-china-firmando-varios-acuerdos","status":"publish","type":"post","link":"https:\/\/www.ecuadortimes.net\/es\/presidente-correa-regresa-de-china-firmando-varios-acuerdos\/","title":{"rendered":"Presidente Correa regresa de China firmando varios acuerdos"},"content":{"rendered":"<p><a href=\"http:\/\/www.ecuadortimes.net\/es\/wp-content\/uploads\/2015\/01\/correachina.jpg\"><img loading=\"lazy\" class=\" size-medium wp-image-161529 alignright\" src=\"https:\/\/www.ecuadortimes.net\/es\/wp-content\/uploads\/2015\/01\/correachina-300x200.jpg\" alt=\"correachina\" width=\"300\" height=\"200\" \/><\/a>El presidente ecuatoriano Rafael Correa, concluy\u00f3 el 9 de enero su visita oficial a China donde promovi\u00f3 las bondades\u009d de invertir en Ecuador, seg\u00fan informaron los medios estatales.<\/p>\n<p>Correa cumpli\u00f3 actividades en Shangh\u00e1i y Pekin. La agenda incluy\u00f3 reuniones con empresarios ecuatorianos y chinos, y potenciales acuerdos internacionales.<\/p>\n<p>En horas de la ma\u00f1ana, mantuvo un desayuno de trabajo con productores, exportadores, directivos de c\u00e1maras y otros empresarios de Ecuador, que viajaron junto con la comitiva oficial, precis\u00f3\u00a0<em>El Ciudadano.<\/em><\/p>\n<p><em>El mandatario finaliz\u00f3 as\u00ed una visita de Estado, en la cual sell\u00f3 varios acuerdos (econ\u00f3micos, acad\u00e9micos, financieros, entre otros), y se reuni\u00f3 con las m\u00e1ximas autoridades chinas, entre esas, su presidente Xi Jinping.<\/em><\/p>\n","protected":false},"excerpt":{"rendered":"<p>El presidente ecuatoriano Rafael Correa, concluy\u00f3 el 9 de enero su visita oficial a China donde promovi\u00f3 las bondades\u009d de invertir en Ecuador, seg\u00fan informaron los medios estatales. Correa cumpli\u00f3 actividades en Shangh\u00e1i y Pekin. La agenda incluy\u00f3 reuniones con empresarios ecuatorianos y chinos, y potenciales acuerdos internacionales. En horas de la ma\u00f1ana, mantuvo un desayuno de trabajo con productores, exportadores, directivos de c\u00e1maras y otros empresarios de Ecuador, que viajaron junto con la comitiva oficial, precis\u00f3\u00a0El Ciudadano. El mandatario finaliz\u00f3 as\u00ed una visita de Estado, en la cual sell\u00f3 varios acuerdos (econ\u00f3micos, acad\u00e9micos, financieros, entre otros), y se reuni\u00f3 con las m\u00e1ximas autoridades chinas, entre esas, su presidente Xi Jinping.<\/p>\n","protected":false},"author":1,"featured_media":232533,"comment_status":"open","ping_status":"open","sticky":false,"template":"","format":"standard","meta":[],"categories":[54,40,37],"tags":[],"_links":{"self":[{"href":"https:\/\/www.ecuadortimes.net\/es\/wp-json\/wp\/v2\/posts\/232532"}],"collection":[{"href":"https:\/\/www.ecuadortimes.net\/es\/wp-json\/wp\/v2\/posts"}],"about":[{"href":"https:\/\/www.ecuadortimes.net\/es\/wp-json\/wp\/v2\/types\/post"}],"author":[{"embeddable":true,"href":"https:\/\/www.ecuadortimes.net\/es\/wp-json\/wp\/v2\/users\/1"}],"replies":[{"embeddable":true,"href":"https:\/\/www.ecuadortimes.net\/es\/wp-json\/wp\/v2\/comments?post=232532"}],"version-history":[{"count":0,"href":"https:\/\/www.ecuadortimes.net\/es\/wp-json\/wp\/v2\/posts\/232532\/revisions"}],"wp:featuredmedia":[{"embeddable":true,"href":"https:\/\/www.ecuadortimes.net\/es\/wp-json\/wp\/v2\/media\/232533"}],"wp:attachment":[{"href":"https:\/\/www.ecuadortimes.net\/es\/wp-json\/wp\/v2\/media?parent=232532"}],"wp:term":[{"taxonomy":"category","embeddable":true,"href":"https:\/\/www.ecuadortimes.net\/es\/wp-json\/wp\/v2\/categories?post=232532"},{"taxonomy":"post_tag","embeddable":true,"href":"https:\/\/www.ecuadortimes.net\/es\/wp-json\/wp\/v2\/tags?post=232532"}],"curies":[{"name":"wp","href":"https:\/\/api.w.org\/{rel}","templated":true}]}}