{"id":233396,"date":"2015-02-17T00:00:00","date_gmt":"2015-02-17T00:00:00","guid":{"rendered":"https:\/\/www.ecuadortimes.net\/es\/comediante-ingles-john-oliver-respondio-a-tweets-de-correa\/"},"modified":"2015-02-17T00:00:00","modified_gmt":"2015-02-17T00:00:00","slug":"comediante-ingles-john-oliver-respondio-a-tweets-de-correa","status":"publish","type":"post","link":"https:\/\/www.ecuadortimes.net\/es\/comediante-ingles-john-oliver-respondio-a-tweets-de-correa\/","title":{"rendered":"Comediante ingl\u00e9s John Oliver respondi\u00f3 a tweets de Correa"},"content":{"rendered":"<p class=\"ecxMsoNormal\"><a href=\"http:\/\/www.ecuadortimes.net\/es\/wp-content\/uploads\/2015\/02\/john-oliver1.jpg\"><img loading=\"lazy\" class=\"alignright wp-image-163258 \" src=\"https:\/\/www.ecuadortimes.net\/es\/wp-content\/uploads\/2015\/02\/john-oliver1.jpg\" alt=\"john-oliver\" width=\"446\" height=\"241\" \/><\/a><\/p>\n<p class=\"ecxMsoNormal\">El comediante ingl\u00e9s John Oliver respondi\u00f3 al Presidente Rafael Correa, quien reaccion\u00f3 en su cuenta de Twitter a sus burlas en el programa Last Week Tonight with John Oliver, emitido por HBO.<\/p>\n<p class=\"ecxMsoNormal\">Oliver se refiri\u00f3 a los comentarios de Correa, quien se\u00f1al\u00f3 al comediante ingl\u00e9s &#8220;poco menos que un ox\u00edmoron&#8221; y adem\u00e1s calific\u00f3 a los talk shows &#8220;gringos&#8221; como antip\u00e1ticos.<\/p>\n<p class=\"ecxMsoNormal\">&#8220;Tiene raz\u00f3n (&#8230;) es lo mismo que un presidente ecuatoriano que prioriza su tiempo sabiamente&#8221;, se\u00f1al\u00f3 Oliver en tono burlesco.<\/p>\n<p class=\"ecxMsoNormal\">&#8220;Yo dejar\u00eda de burlarme de la hipersensibilidad de Correa si no fuera porque tiene antecedentes de se\u00f1alar a quien disiente con \u00e9l&#8221;, indic\u00f3.<\/p>\n","protected":false},"excerpt":{"rendered":"<p>El comediante ingl\u00e9s John Oliver respondi\u00f3 al Presidente Rafael Correa, quien reaccion\u00f3 en su cuenta de Twitter a sus burlas en el programa Last Week Tonight with John Oliver, emitido por HBO. Oliver se refiri\u00f3 a los comentarios de Correa, quien se\u00f1al\u00f3 al comediante ingl\u00e9s &#8220;poco menos que un ox\u00edmoron&#8221; y adem\u00e1s calific\u00f3 a los talk shows &#8220;gringos&#8221; como antip\u00e1ticos. &#8220;Tiene raz\u00f3n (&#8230;) es lo mismo que un presidente ecuatoriano que prioriza su tiempo sabiamente&#8221;, se\u00f1al\u00f3 Oliver en tono burlesco. &#8220;Yo dejar\u00eda de burlarme de la hipersensibilidad de Correa si no fuera porque tiene antecedentes de se\u00f1alar a quien disiente con \u00e9l&#8221;, indic\u00f3.<\/p>\n","protected":false},"author":1,"featured_media":233397,"comment_status":"open","ping_status":"open","sticky":false,"template":"","format":"standard","meta":[],"categories":[54,40,37],"tags":[],"_links":{"self":[{"href":"https:\/\/www.ecuadortimes.net\/es\/wp-json\/wp\/v2\/posts\/233396"}],"collection":[{"href":"https:\/\/www.ecuadortimes.net\/es\/wp-json\/wp\/v2\/posts"}],"about":[{"href":"https:\/\/www.ecuadortimes.net\/es\/wp-json\/wp\/v2\/types\/post"}],"author":[{"embeddable":true,"href":"https:\/\/www.ecuadortimes.net\/es\/wp-json\/wp\/v2\/users\/1"}],"replies":[{"embeddable":true,"href":"https:\/\/www.ecuadortimes.net\/es\/wp-json\/wp\/v2\/comments?post=233396"}],"version-history":[{"count":0,"href":"https:\/\/www.ecuadortimes.net\/es\/wp-json\/wp\/v2\/posts\/233396\/revisions"}],"wp:featuredmedia":[{"embeddable":true,"href":"https:\/\/www.ecuadortimes.net\/es\/wp-json\/wp\/v2\/media\/233397"}],"wp:attachment":[{"href":"https:\/\/www.ecuadortimes.net\/es\/wp-json\/wp\/v2\/media?parent=233396"}],"wp:term":[{"taxonomy":"category","embeddable":true,"href":"https:\/\/www.ecuadortimes.net\/es\/wp-json\/wp\/v2\/categories?post=233396"},{"taxonomy":"post_tag","embeddable":true,"href":"https:\/\/www.ecuadortimes.net\/es\/wp-json\/wp\/v2\/tags?post=233396"}],"curies":[{"name":"wp","href":"https:\/\/api.w.org\/{rel}","templated":true}]}}