{"id":233404,"date":"2015-02-17T00:00:00","date_gmt":"2015-02-17T00:00:00","guid":{"rendered":"https:\/\/www.ecuadortimes.net\/es\/juez-de-texas-bloquea-el-decreto-migratorio-de-obama\/"},"modified":"2015-02-17T00:00:00","modified_gmt":"2015-02-17T00:00:00","slug":"juez-de-texas-bloquea-el-decreto-migratorio-de-obama","status":"publish","type":"post","link":"https:\/\/www.ecuadortimes.net\/es\/juez-de-texas-bloquea-el-decreto-migratorio-de-obama\/","title":{"rendered":"Juez de Texas bloquea el decreto migratorio de Obama"},"content":{"rendered":"<p class=\"ecxMsoNormal\"><span style=\"font-family: 'Times New Roman', sans-serif; font-size: medium;\"><a href=\"http:\/\/www.ecuadortimes.net\/es\/wp-content\/uploads\/2015\/02\/obama-efe.jpg\"><img loading=\"lazy\" class=\"alignright  wp-image-163282\" src=\"https:\/\/www.ecuadortimes.net\/es\/wp-content\/uploads\/2015\/02\/obama-efe.jpg\" alt=\"obama-efe\" width=\"450\" height=\"250\" \/><\/a><\/span><\/p>\n<p class=\"ecxMsoNormal\"><span style=\"font-family: 'Times New Roman', sans-serif; font-size: medium;\">Un Juez Federal de Texas bloque\u00f3 con un fallo la acci\u00f3n ejecutiva del Presidente de Estados Unidos, Barack Obama, para aplazar la deportaci\u00f3n de millones de inmigrantes indocumentados, indicaron el &#8220;New York Times&#8221; y la plataforma online &#8220;Huffington Post&#8221;.<\/span><\/p>\n<p class=\"ecxMsoNormal\"><span style=\"font-family: 'Times New Roman', sans-serif; font-size: medium;\">Andrew Hanen orden\u00f3 que el decreto anunciado por Obama no sea cumplido hasta que no sea resuelta la demanda presentada por 26 estados contra la decisi\u00f3n presidencial. Actualmente se espera que el gobierno apele la medida.<\/span><\/p>\n<p class=\"ecxMsoNormal\"><span style=\"font-family: 'Times New Roman', sans-serif; font-size: medium;\">El decreto de Obama proteg\u00eda de la deportaci\u00f3n a alrededor de cinco millones de extranjeros indocumentados que llegaron al pa\u00eds siendo ni\u00f1os, que son padres de ciudadanos estadounidenses o residentes permanentes legales.<\/span><\/p>\n<p class=\"ecxMsoNormal\"><span style=\"font-family: 'Times New Roman', sans-serif; font-size: medium;\">Greg Abbott, Gobernador de Texas, apoy\u00f3 el fallo del juez y acus\u00f3 a Obama de no querer realizar una mejora en las leyes de inmigraci\u00f3n sino de cometer un &#8220;abuso de poder&#8221; con su decreto.\u00a0<\/span><\/p>\n","protected":false},"excerpt":{"rendered":"<p>Un Juez Federal de Texas bloque\u00f3 con un fallo la acci\u00f3n ejecutiva del Presidente de Estados Unidos, Barack Obama, para aplazar la deportaci\u00f3n de millones de inmigrantes indocumentados, indicaron el &#8220;New York Times&#8221; y la plataforma online &#8220;Huffington Post&#8221;. Andrew Hanen orden\u00f3 que el decreto anunciado por Obama no sea cumplido hasta que no sea resuelta la demanda presentada por 26 estados contra la decisi\u00f3n presidencial. Actualmente se espera que el gobierno apele la medida. El decreto de Obama proteg\u00eda de la deportaci\u00f3n a alrededor de cinco millones de extranjeros indocumentados que llegaron al pa\u00eds siendo ni\u00f1os, que son padres de ciudadanos estadounidenses o residentes permanentes legales. Greg Abbott, Gobernador de Texas, apoy\u00f3 el fallo del juez y acus\u00f3 a Obama de no querer realizar una mejora en las leyes de inmigraci\u00f3n sino de cometer un &#8220;abuso de poder&#8221; con su decreto.\u00a0<\/p>\n","protected":false},"author":1,"featured_media":233405,"comment_status":"open","ping_status":"open","sticky":false,"template":"","format":"standard","meta":[],"categories":[54,34,37],"tags":[],"_links":{"self":[{"href":"https:\/\/www.ecuadortimes.net\/es\/wp-json\/wp\/v2\/posts\/233404"}],"collection":[{"href":"https:\/\/www.ecuadortimes.net\/es\/wp-json\/wp\/v2\/posts"}],"about":[{"href":"https:\/\/www.ecuadortimes.net\/es\/wp-json\/wp\/v2\/types\/post"}],"author":[{"embeddable":true,"href":"https:\/\/www.ecuadortimes.net\/es\/wp-json\/wp\/v2\/users\/1"}],"replies":[{"embeddable":true,"href":"https:\/\/www.ecuadortimes.net\/es\/wp-json\/wp\/v2\/comments?post=233404"}],"version-history":[{"count":0,"href":"https:\/\/www.ecuadortimes.net\/es\/wp-json\/wp\/v2\/posts\/233404\/revisions"}],"wp:featuredmedia":[{"embeddable":true,"href":"https:\/\/www.ecuadortimes.net\/es\/wp-json\/wp\/v2\/media\/233405"}],"wp:attachment":[{"href":"https:\/\/www.ecuadortimes.net\/es\/wp-json\/wp\/v2\/media?parent=233404"}],"wp:term":[{"taxonomy":"category","embeddable":true,"href":"https:\/\/www.ecuadortimes.net\/es\/wp-json\/wp\/v2\/categories?post=233404"},{"taxonomy":"post_tag","embeddable":true,"href":"https:\/\/www.ecuadortimes.net\/es\/wp-json\/wp\/v2\/tags?post=233404"}],"curies":[{"name":"wp","href":"https:\/\/api.w.org\/{rel}","templated":true}]}}