{"id":233410,"date":"2015-02-17T00:00:00","date_gmt":"2015-02-17T00:00:00","guid":{"rendered":"https:\/\/www.ecuadortimes.net\/es\/fiscal-y-juez-a-cargo-de-la-denuncia-de-nisman-se-encuentran-custodiados\/"},"modified":"2015-02-17T00:00:00","modified_gmt":"2015-02-17T00:00:00","slug":"fiscal-y-juez-a-cargo-de-la-denuncia-de-nisman-se-encuentran-custodiados","status":"publish","type":"post","link":"https:\/\/www.ecuadortimes.net\/es\/fiscal-y-juez-a-cargo-de-la-denuncia-de-nisman-se-encuentran-custodiados\/","title":{"rendered":"Fiscal y juez a cargo de la denuncia de Nisman se encuentran custodiados"},"content":{"rendered":"<div id=\"attachment_163291\" style=\"width: 310px\" class=\"wp-caption alignright\"><a href=\"http:\/\/www.ecuadortimes.net\/es\/wp-content\/uploads\/2015\/02\/pollicita-fiscal-caso-nisman.jpg\"><img aria-describedby=\"caption-attachment-163291\" loading=\"lazy\" class=\"wp-image-163291 size-medium\" src=\"https:\/\/www.ecuadortimes.net\/es\/wp-content\/uploads\/2015\/02\/pollicita-fiscal-caso-nisman-300x199.jpg\" alt=\"pollicita-fiscal-caso-nisman\" width=\"300\" height=\"199\" \/><\/a><p id=\"caption-attachment-163291\" class=\"wp-caption-text\">Foto: Diario Clar\u00edn<\/p><\/div>\n<p class=\"ecxMsoNormal\"><span style=\"font-family: 'Times New Roman', sans-serif; font-size: medium;\">El gobierno argentino inform\u00f3 que dispuso custodia para el fiscal y el juez que se encuentran investigando la denuncia del fiscal Alberto Nisman, quien apareci\u00f3 muerto luego de su acusaci\u00f3n a la Presidenta argentina\u00a0 de encubrir a Ir\u00e1n en el caso del atentado contra la mutual jud\u00eda AMIA en 1994.<\/span><\/p>\n<p class=\"ecxMsoNormal\"><span style=\"font-family: 'Times New Roman', sans-serif; font-size: medium;\">El Ministerio de Seguridad indic\u00f3 a trav\u00e9s de un comunicado que el fiscal federal Gerardo Pollicita se encuentra custodiado por la Prefectura Naval Argentina (polic\u00eda de frontera) desde el momento en que asumi\u00f3 la causa.<\/span><\/p>\n<p class=\"ecxMsoNormal\"><span style=\"font-family: 'Times New Roman', sans-serif; font-size: medium;\">El viernes pasado, Pollicita imput\u00f3 a Kirchner y espera que el juez Daniel Rafecas se haga cargo de la causa este mi\u00e9rcoles y acepte su pedido.<\/span><\/p>\n<p class=\"ecxMsoNormal\"><span style=\"font-family: 'Times New Roman', sans-serif; font-size: medium;\">El gobierno anunci\u00f3 que Pollicita cuenta con custodia en su domicilio particular y en sus oficinas todos los d\u00edas, las 24 horas.<\/span><\/p>\n<p class=\"ecxMsoNormal\"><span style=\"font-family: 'Times New Roman', sans-serif; font-size: medium;\">Adem\u00e1s, la cartera de Seguridad adelant\u00f3 que se contactar\u00e1 con Rafecas esta semana para evaluar  los ajustes a su custodia a partir de su designaci\u00f3n como magistrado \u009d en dicha causa.<\/span><\/p>\n","protected":false},"excerpt":{"rendered":"<p>El gobierno argentino inform\u00f3 que dispuso custodia para el fiscal y el juez que se encuentran investigando la denuncia del fiscal Alberto Nisman, quien apareci\u00f3 muerto luego de su acusaci\u00f3n a la Presidenta argentina\u00a0 de encubrir a Ir\u00e1n en el caso del atentado contra la mutual jud\u00eda AMIA en 1994. El Ministerio de Seguridad indic\u00f3 a trav\u00e9s de un comunicado que el fiscal federal Gerardo Pollicita se encuentra custodiado por la Prefectura Naval Argentina (polic\u00eda de frontera) desde el momento en que asumi\u00f3 la causa. El viernes pasado, Pollicita imput\u00f3 a Kirchner y espera que el juez Daniel Rafecas se haga cargo de la causa este mi\u00e9rcoles y acepte su pedido. El gobierno anunci\u00f3 que Pollicita cuenta con custodia en su domicilio particular y en sus oficinas todos los d\u00edas, las 24 horas. Adem\u00e1s, la cartera de Seguridad adelant\u00f3 que se contactar\u00e1 con Rafecas esta semana para evaluar los ajustes a su custodia a partir de su designaci\u00f3n como magistrado \u009d en dicha causa.<\/p>\n","protected":false},"author":1,"featured_media":233411,"comment_status":"open","ping_status":"open","sticky":false,"template":"","format":"standard","meta":[],"categories":[34,37],"tags":[],"_links":{"self":[{"href":"https:\/\/www.ecuadortimes.net\/es\/wp-json\/wp\/v2\/posts\/233410"}],"collection":[{"href":"https:\/\/www.ecuadortimes.net\/es\/wp-json\/wp\/v2\/posts"}],"about":[{"href":"https:\/\/www.ecuadortimes.net\/es\/wp-json\/wp\/v2\/types\/post"}],"author":[{"embeddable":true,"href":"https:\/\/www.ecuadortimes.net\/es\/wp-json\/wp\/v2\/users\/1"}],"replies":[{"embeddable":true,"href":"https:\/\/www.ecuadortimes.net\/es\/wp-json\/wp\/v2\/comments?post=233410"}],"version-history":[{"count":0,"href":"https:\/\/www.ecuadortimes.net\/es\/wp-json\/wp\/v2\/posts\/233410\/revisions"}],"wp:featuredmedia":[{"embeddable":true,"href":"https:\/\/www.ecuadortimes.net\/es\/wp-json\/wp\/v2\/media\/233411"}],"wp:attachment":[{"href":"https:\/\/www.ecuadortimes.net\/es\/wp-json\/wp\/v2\/media?parent=233410"}],"wp:term":[{"taxonomy":"category","embeddable":true,"href":"https:\/\/www.ecuadortimes.net\/es\/wp-json\/wp\/v2\/categories?post=233410"},{"taxonomy":"post_tag","embeddable":true,"href":"https:\/\/www.ecuadortimes.net\/es\/wp-json\/wp\/v2\/tags?post=233410"}],"curies":[{"name":"wp","href":"https:\/\/api.w.org\/{rel}","templated":true}]}}