{"id":233444,"date":"2015-02-18T00:00:00","date_gmt":"2015-02-18T00:00:00","guid":{"rendered":"https:\/\/www.ecuadortimes.net\/es\/buque-ecuatoriano-fue-detenido-por-4-dias-en-panama\/"},"modified":"2015-02-18T00:00:00","modified_gmt":"2015-02-18T00:00:00","slug":"buque-ecuatoriano-fue-detenido-por-4-dias-en-panama","status":"publish","type":"post","link":"https:\/\/www.ecuadortimes.net\/es\/buque-ecuatoriano-fue-detenido-por-4-dias-en-panama\/","title":{"rendered":"Buque ecuatoriano fue detenido por 4 d\u00edas en Panam\u00e1"},"content":{"rendered":"<p class=\"ecxMsoNormal\"><a href=\"http:\/\/www.ecuadortimes.net\/es\/wp-content\/uploads\/2015\/02\/buque.jpg\"><img loading=\"lazy\" class=\"alignright size-medium wp-image-163356\" src=\"https:\/\/www.ecuadortimes.net\/es\/wp-content\/uploads\/2015\/02\/buque-300x143.jpg\" alt=\"buque\" width=\"300\" height=\"143\" \/><\/a>El buque-tanque Cotopaxi, propiedad de la Flota Petrolera Ecuatoriana (Flopec) y con capacidad de 66 138 toneladas de carga, estuvo detenido en Panam\u00e1 por orden judicial entre el 7 y 10 de febrero pasados.<\/p>\n<p class=\"ecxMsoNormal\">La transportadora de crudo y derivados calific\u00f3 esta detenci\u00f3n como un secuestro\u009d.<\/p>\n<p class=\"ecxMsoNormal\">V\u00eda correo electr\u00f3nico, Flopec inform\u00f3 que una firma de abogados paname\u00f1a patrocina a un extrabajador de la firma de transporte en una demanda ante el Tribunal Mar\u00edtimo de Panam\u00e1, a trav\u00e9s de la cual pretende una indemnizaci\u00f3n de $600 000 por un supuesto despido.<\/p>\n<p class=\"ecxMsoNormal\">\u00a0Seg\u00fan Flopec, el extrabajador no fue despedido. Ingres\u00f3 a laborar en la empresa en diciembre de 1989 y el 30 de abril del 2014, la Comisi\u00f3n Provincial de Evaluaci\u00f3n de Incapacidades del Guayas, determin\u00f3 que padec\u00eda de una fibrosis apical bilateral acompa\u00f1ada de bronquiectasia centrales.<\/p>\n<p>&nbsp;<\/p>\n","protected":false},"excerpt":{"rendered":"<p>El buque-tanque Cotopaxi, propiedad de la Flota Petrolera Ecuatoriana (Flopec) y con capacidad de 66 138 toneladas de carga, estuvo detenido en Panam\u00e1 por orden judicial entre el 7 y 10 de febrero pasados. La transportadora de crudo y derivados calific\u00f3 esta detenci\u00f3n como un secuestro\u009d. V\u00eda correo electr\u00f3nico, Flopec inform\u00f3 que una firma de abogados paname\u00f1a patrocina a un extrabajador de la firma de transporte en una demanda ante el Tribunal Mar\u00edtimo de Panam\u00e1, a trav\u00e9s de la cual pretende una indemnizaci\u00f3n de $600 000 por un supuesto despido. \u00a0Seg\u00fan Flopec, el extrabajador no fue despedido. Ingres\u00f3 a laborar en la empresa en diciembre de 1989 y el 30 de abril del 2014, la Comisi\u00f3n Provincial de Evaluaci\u00f3n de Incapacidades del Guayas, determin\u00f3 que padec\u00eda de una fibrosis apical bilateral acompa\u00f1ada de bronquiectasia centrales. &nbsp;<\/p>\n","protected":false},"author":1,"featured_media":233445,"comment_status":"open","ping_status":"open","sticky":false,"template":"","format":"standard","meta":[],"categories":[35,37],"tags":[],"_links":{"self":[{"href":"https:\/\/www.ecuadortimes.net\/es\/wp-json\/wp\/v2\/posts\/233444"}],"collection":[{"href":"https:\/\/www.ecuadortimes.net\/es\/wp-json\/wp\/v2\/posts"}],"about":[{"href":"https:\/\/www.ecuadortimes.net\/es\/wp-json\/wp\/v2\/types\/post"}],"author":[{"embeddable":true,"href":"https:\/\/www.ecuadortimes.net\/es\/wp-json\/wp\/v2\/users\/1"}],"replies":[{"embeddable":true,"href":"https:\/\/www.ecuadortimes.net\/es\/wp-json\/wp\/v2\/comments?post=233444"}],"version-history":[{"count":0,"href":"https:\/\/www.ecuadortimes.net\/es\/wp-json\/wp\/v2\/posts\/233444\/revisions"}],"wp:featuredmedia":[{"embeddable":true,"href":"https:\/\/www.ecuadortimes.net\/es\/wp-json\/wp\/v2\/media\/233445"}],"wp:attachment":[{"href":"https:\/\/www.ecuadortimes.net\/es\/wp-json\/wp\/v2\/media?parent=233444"}],"wp:term":[{"taxonomy":"category","embeddable":true,"href":"https:\/\/www.ecuadortimes.net\/es\/wp-json\/wp\/v2\/categories?post=233444"},{"taxonomy":"post_tag","embeddable":true,"href":"https:\/\/www.ecuadortimes.net\/es\/wp-json\/wp\/v2\/tags?post=233444"}],"curies":[{"name":"wp","href":"https:\/\/api.w.org\/{rel}","templated":true}]}}