{"id":233446,"date":"2015-02-19T00:00:00","date_gmt":"2015-02-19T00:00:00","guid":{"rendered":"https:\/\/www.ecuadortimes.net\/es\/claro-y-movistar-firmaron-contratos-para-tecnologia-4g\/"},"modified":"2015-02-19T00:00:00","modified_gmt":"2015-02-19T00:00:00","slug":"claro-y-movistar-firmaron-contratos-para-tecnologia-4g","status":"publish","type":"post","link":"https:\/\/www.ecuadortimes.net\/es\/claro-y-movistar-firmaron-contratos-para-tecnologia-4g\/","title":{"rendered":"Claro y Movistar firmaron contratos para tecnolog\u00eda 4G"},"content":{"rendered":"<p><a href=\"http:\/\/www.ecuadortimes.net\/es\/wp-content\/uploads\/2015\/02\/firma.jpg\"><img loading=\"lazy\" class=\"alignright size-medium wp-image-163363\" src=\"https:\/\/www.ecuadortimes.net\/es\/wp-content\/uploads\/2015\/02\/firma-300x168.jpg\" alt=\"firma\" width=\"300\" height=\"168\" \/><\/a>Este mi\u00e9rcoles 18 de febrero el Ministerio de Telecomunicaciones suscribi\u00f3 junto con las operadoras Movistar y Claro los contratos para la ampliaci\u00f3n del espectro radioel\u00e9ctrico para la red 4G.<\/p>\n<p>El vicepresidente Jorge Glas destac\u00f3 que cada compa\u00f1\u00eda generar\u00e1 entre $ 800 y $ 1.000 millones en los pr\u00f3ximos cinco a\u00f1os.<\/p>\n<p>&#8220;Esto demuestra las garant\u00edas que da el pa\u00eds para la inversi\u00f3n privada y que se siga fortaleciendo y ofreciendo m\u00e1s oportunidades para los ecuatorianos&#8221;, destac\u00f3 el funcionario.<\/p>\n<p>El ministro de Telecomunicaciones, Augusto Esp\u00edn, destac\u00f3 que el valor para la asignaci\u00f3n del espectro de redes 4G es adicional a las obligaciones econ\u00f3micas de las operadoras, establecidas en los contratos iniciales firmados en el 2008.<\/p>\n","protected":false},"excerpt":{"rendered":"<p>Este mi\u00e9rcoles 18 de febrero el Ministerio de Telecomunicaciones suscribi\u00f3 junto con las operadoras Movistar y Claro los contratos para la ampliaci\u00f3n del espectro radioel\u00e9ctrico para la red 4G. El vicepresidente Jorge Glas destac\u00f3 que cada compa\u00f1\u00eda generar\u00e1 entre $ 800 y $ 1.000 millones en los pr\u00f3ximos cinco a\u00f1os. &#8220;Esto demuestra las garant\u00edas que da el pa\u00eds para la inversi\u00f3n privada y que se siga fortaleciendo y ofreciendo m\u00e1s oportunidades para los ecuatorianos&#8221;, destac\u00f3 el funcionario. El ministro de Telecomunicaciones, Augusto Esp\u00edn, destac\u00f3 que el valor para la asignaci\u00f3n del espectro de redes 4G es adicional a las obligaciones econ\u00f3micas de las operadoras, establecidas en los contratos iniciales firmados en el 2008.<\/p>\n","protected":false},"author":1,"featured_media":233447,"comment_status":"open","ping_status":"open","sticky":false,"template":"","format":"standard","meta":[],"categories":[54,40,37],"tags":[],"_links":{"self":[{"href":"https:\/\/www.ecuadortimes.net\/es\/wp-json\/wp\/v2\/posts\/233446"}],"collection":[{"href":"https:\/\/www.ecuadortimes.net\/es\/wp-json\/wp\/v2\/posts"}],"about":[{"href":"https:\/\/www.ecuadortimes.net\/es\/wp-json\/wp\/v2\/types\/post"}],"author":[{"embeddable":true,"href":"https:\/\/www.ecuadortimes.net\/es\/wp-json\/wp\/v2\/users\/1"}],"replies":[{"embeddable":true,"href":"https:\/\/www.ecuadortimes.net\/es\/wp-json\/wp\/v2\/comments?post=233446"}],"version-history":[{"count":0,"href":"https:\/\/www.ecuadortimes.net\/es\/wp-json\/wp\/v2\/posts\/233446\/revisions"}],"wp:featuredmedia":[{"embeddable":true,"href":"https:\/\/www.ecuadortimes.net\/es\/wp-json\/wp\/v2\/media\/233447"}],"wp:attachment":[{"href":"https:\/\/www.ecuadortimes.net\/es\/wp-json\/wp\/v2\/media?parent=233446"}],"wp:term":[{"taxonomy":"category","embeddable":true,"href":"https:\/\/www.ecuadortimes.net\/es\/wp-json\/wp\/v2\/categories?post=233446"},{"taxonomy":"post_tag","embeddable":true,"href":"https:\/\/www.ecuadortimes.net\/es\/wp-json\/wp\/v2\/tags?post=233446"}],"curies":[{"name":"wp","href":"https:\/\/api.w.org\/{rel}","templated":true}]}}