{"id":233448,"date":"2015-02-19T00:00:00","date_gmt":"2015-02-19T00:00:00","guid":{"rendered":"https:\/\/www.ecuadortimes.net\/es\/ministro-de-comercio-anuncia-su-destitucion\/"},"modified":"2015-02-19T00:00:00","modified_gmt":"2015-02-19T00:00:00","slug":"ministro-de-comercio-anuncia-su-destitucion","status":"publish","type":"post","link":"https:\/\/www.ecuadortimes.net\/es\/ministro-de-comercio-anuncia-su-destitucion\/","title":{"rendered":"Ministro de Comercio anuncia su destituci\u00f3n"},"content":{"rendered":"<p class=\"ecxMsoNormal\"><a href=\"http:\/\/www.ecuadortimes.net\/es\/wp-content\/uploads\/2015\/02\/ministro-de-comercio.jpg\"><img loading=\"lazy\" class=\"alignright wp-image-163366 \" src=\"https:\/\/www.ecuadortimes.net\/es\/wp-content\/uploads\/2015\/02\/ministro-de-comercio.jpg\" alt=\"ministro-de-comercio\" width=\"526\" height=\"292\" \/><\/a>El Ministro de Comercio Exterior, Francisco Rivadeneira, anunci\u00f3 ayer en su p\u00e1gina de Facebook que se encuentra fuera del gabinete de ministros desde hoy.<\/p>\n<p class=\"ecxMsoNormal\">Rivadeneira indic\u00f3: \u008b&#8221;Quiero compartir con ustedes que esta ma\u00f1ana fui comunicado que ya no ser\u00e9 parte del gabinete presidencial. Quiero aprovechar el espacio para p\u00fablicamente agradecer al presidente (Rafael Correa) por haberme dado la oportunidad de servir al pa\u00eds y a los m\u00edos, lo he hecho con orgullo, gusto y dedicaci\u00f3n&#8221;.<\/p>\n<p class=\"ecxMsoNormal\">Agreg\u00f3 que se retira con su &#8220;conciencia tranquila aunque siempre se puede hacer m\u00e1s y mejor. Finalmente podr\u00e9 dedicarle el tiempo que se merece mi esposa y mis hijos y regresar a mi verdadera pasi\u00f3n: la academia, la ense\u00f1anza&#8221;.\u008b<\/p>\n<p class=\"ecxMsoNormal\">El Ministro hab\u00eda asumido el cargo en junio de 2013.<\/p>\n","protected":false},"excerpt":{"rendered":"<p>El Ministro de Comercio Exterior, Francisco Rivadeneira, anunci\u00f3 ayer en su p\u00e1gina de Facebook que se encuentra fuera del gabinete de ministros desde hoy. Rivadeneira indic\u00f3: \u008b&#8221;Quiero compartir con ustedes que esta ma\u00f1ana fui comunicado que ya no ser\u00e9 parte del gabinete presidencial. Quiero aprovechar el espacio para p\u00fablicamente agradecer al presidente (Rafael Correa) por haberme dado la oportunidad de servir al pa\u00eds y a los m\u00edos, lo he hecho con orgullo, gusto y dedicaci\u00f3n&#8221;. Agreg\u00f3 que se retira con su &#8220;conciencia tranquila aunque siempre se puede hacer m\u00e1s y mejor. Finalmente podr\u00e9 dedicarle el tiempo que se merece mi esposa y mis hijos y regresar a mi verdadera pasi\u00f3n: la academia, la ense\u00f1anza&#8221;.\u008b El Ministro hab\u00eda asumido el cargo en junio de 2013.<\/p>\n","protected":false},"author":1,"featured_media":233449,"comment_status":"open","ping_status":"open","sticky":false,"template":"","format":"standard","meta":[],"categories":[54,40,37],"tags":[],"_links":{"self":[{"href":"https:\/\/www.ecuadortimes.net\/es\/wp-json\/wp\/v2\/posts\/233448"}],"collection":[{"href":"https:\/\/www.ecuadortimes.net\/es\/wp-json\/wp\/v2\/posts"}],"about":[{"href":"https:\/\/www.ecuadortimes.net\/es\/wp-json\/wp\/v2\/types\/post"}],"author":[{"embeddable":true,"href":"https:\/\/www.ecuadortimes.net\/es\/wp-json\/wp\/v2\/users\/1"}],"replies":[{"embeddable":true,"href":"https:\/\/www.ecuadortimes.net\/es\/wp-json\/wp\/v2\/comments?post=233448"}],"version-history":[{"count":0,"href":"https:\/\/www.ecuadortimes.net\/es\/wp-json\/wp\/v2\/posts\/233448\/revisions"}],"wp:featuredmedia":[{"embeddable":true,"href":"https:\/\/www.ecuadortimes.net\/es\/wp-json\/wp\/v2\/media\/233449"}],"wp:attachment":[{"href":"https:\/\/www.ecuadortimes.net\/es\/wp-json\/wp\/v2\/media?parent=233448"}],"wp:term":[{"taxonomy":"category","embeddable":true,"href":"https:\/\/www.ecuadortimes.net\/es\/wp-json\/wp\/v2\/categories?post=233448"},{"taxonomy":"post_tag","embeddable":true,"href":"https:\/\/www.ecuadortimes.net\/es\/wp-json\/wp\/v2\/tags?post=233448"}],"curies":[{"name":"wp","href":"https:\/\/api.w.org\/{rel}","templated":true}]}}