{"id":233450,"date":"2015-02-19T00:00:00","date_gmt":"2015-02-19T00:00:00","guid":{"rendered":"https:\/\/www.ecuadortimes.net\/es\/obama-pide-union-en-la-lucha-contra-la-violencia-extremista\/"},"modified":"2015-02-19T00:00:00","modified_gmt":"2015-02-19T00:00:00","slug":"obama-pide-union-en-la-lucha-contra-la-violencia-extremista","status":"publish","type":"post","link":"https:\/\/www.ecuadortimes.net\/es\/obama-pide-union-en-la-lucha-contra-la-violencia-extremista\/","title":{"rendered":"Obama pide uni\u00f3n en la lucha contra la violencia extremista"},"content":{"rendered":"<div id=\"attachment_163372\" style=\"width: 510px\" class=\"wp-caption alignright\"><a href=\"http:\/\/www.ecuadortimes.net\/es\/wp-content\/uploads\/2015\/02\/Obama-pide-unidad-luchar-contra-violencia-extremista.jpeg\"><img aria-describedby=\"caption-attachment-163372\" loading=\"lazy\" class=\" wp-image-163372\" src=\"https:\/\/www.ecuadortimes.net\/es\/wp-content\/uploads\/2015\/02\/Obama-pide-unidad-luchar-contra-violencia-extremista.jpeg\" alt=\"AFP\" width=\"500\" height=\"368\" \/><\/a><p id=\"caption-attachment-163372\" class=\"wp-caption-text\">AFP<\/p><\/div>\n<p>El presidente de Estados Unidos, Barack Obama, exhort\u00f3 este mi\u00e9rcoles a l\u00edderes y ciudadanos de todo el mundo a mantenerse unidos contra la &#8220;ideolog\u00eda retorcida&#8221; de quien defiende la violencia extremista.<\/p>\n<p>&#8220;Tenemos que enfrentar con honestidad la ideolog\u00eda retorcida que los grupos terroristas usan para incitar personas a la violencia&#8221;, dijo Obama, quien descart\u00f3 de plano que Estados Unidos &#8220;o el Occidente en general est\u00e1n en guerra con el Islam&#8221;.<\/p>\n<p>Radicales como los responsables del grupo Estado Isl\u00e1mico &#8220;no son l\u00edderes religiosos, son terroristas. No estamos en guerra contra el Islam. Estamos en guerra contra personas que han pervertido el Islam&#8221;, expres\u00f3 el presidente.<\/p>\n<p>Para Obama esos l\u00edderes y grupos &#8220;no hablan en nombre de m\u00e1s mil millones de musulmanes&#8221;. En su llamado a la unidad, Obama expres\u00f3 su convicci\u00f3n de que &#8220;la religi\u00f3n no es responsable por terrorismo. Personas son responsables por violencia y terrorismo&#8221;.<\/p>\n<p>El mandatario estadounidense dijo que en la jornada tuvo oportunidad de hablar con l\u00edderes musulmanes que apoyan la paz, la justicia y la tolerancia. &#8220;Esas son las voces que representan m\u00e1s de mil millones de personas en todo el mundo&#8221;, se\u00f1al\u00f3.<\/p>\n","protected":false},"excerpt":{"rendered":"<p>El presidente de Estados Unidos, Barack Obama, exhort\u00f3 este mi\u00e9rcoles a l\u00edderes y ciudadanos de todo el mundo a mantenerse unidos contra la &#8220;ideolog\u00eda retorcida&#8221; de quien defiende la violencia extremista. &#8220;Tenemos que enfrentar con honestidad la ideolog\u00eda retorcida que los grupos terroristas usan para incitar personas a la violencia&#8221;, dijo Obama, quien descart\u00f3 de plano que Estados Unidos &#8220;o el Occidente en general est\u00e1n en guerra con el Islam&#8221;. Radicales como los responsables del grupo Estado Isl\u00e1mico &#8220;no son l\u00edderes religiosos, son terroristas. No estamos en guerra contra el Islam. Estamos en guerra contra personas que han pervertido el Islam&#8221;, expres\u00f3 el presidente. Para Obama esos l\u00edderes y grupos &#8220;no hablan en nombre de m\u00e1s mil millones de musulmanes&#8221;. En su llamado a la unidad, Obama expres\u00f3 su convicci\u00f3n de que &#8220;la religi\u00f3n no es responsable por terrorismo. Personas son responsables por violencia y terrorismo&#8221;. El mandatario estadounidense dijo que en la jornada tuvo oportunidad de hablar con l\u00edderes musulmanes que apoyan la paz, la justicia y la tolerancia. &#8220;Esas son las voces que representan m\u00e1s de mil millones de personas en todo el mundo&#8221;, se\u00f1al\u00f3.<\/p>\n","protected":false},"author":1,"featured_media":233451,"comment_status":"open","ping_status":"open","sticky":false,"template":"","format":"standard","meta":[],"categories":[54,34,37],"tags":[],"_links":{"self":[{"href":"https:\/\/www.ecuadortimes.net\/es\/wp-json\/wp\/v2\/posts\/233450"}],"collection":[{"href":"https:\/\/www.ecuadortimes.net\/es\/wp-json\/wp\/v2\/posts"}],"about":[{"href":"https:\/\/www.ecuadortimes.net\/es\/wp-json\/wp\/v2\/types\/post"}],"author":[{"embeddable":true,"href":"https:\/\/www.ecuadortimes.net\/es\/wp-json\/wp\/v2\/users\/1"}],"replies":[{"embeddable":true,"href":"https:\/\/www.ecuadortimes.net\/es\/wp-json\/wp\/v2\/comments?post=233450"}],"version-history":[{"count":0,"href":"https:\/\/www.ecuadortimes.net\/es\/wp-json\/wp\/v2\/posts\/233450\/revisions"}],"wp:featuredmedia":[{"embeddable":true,"href":"https:\/\/www.ecuadortimes.net\/es\/wp-json\/wp\/v2\/media\/233451"}],"wp:attachment":[{"href":"https:\/\/www.ecuadortimes.net\/es\/wp-json\/wp\/v2\/media?parent=233450"}],"wp:term":[{"taxonomy":"category","embeddable":true,"href":"https:\/\/www.ecuadortimes.net\/es\/wp-json\/wp\/v2\/categories?post=233450"},{"taxonomy":"post_tag","embeddable":true,"href":"https:\/\/www.ecuadortimes.net\/es\/wp-json\/wp\/v2\/tags?post=233450"}],"curies":[{"name":"wp","href":"https:\/\/api.w.org\/{rel}","templated":true}]}}