{"id":233457,"date":"2015-02-19T00:00:00","date_gmt":"2015-02-19T00:00:00","guid":{"rendered":"https:\/\/www.ecuadortimes.net\/es\/buenos-aires-realiza-la-marcha-del-silencio-a-un-mes-de-la-muerte-del-fiscal-nisman\/"},"modified":"2015-02-19T00:00:00","modified_gmt":"2015-02-19T00:00:00","slug":"buenos-aires-realiza-la-marcha-del-silencio-a-un-mes-de-la-muerte-del-fiscal-nisman","status":"publish","type":"post","link":"https:\/\/www.ecuadortimes.net\/es\/buenos-aires-realiza-la-marcha-del-silencio-a-un-mes-de-la-muerte-del-fiscal-nisman\/","title":{"rendered":"Buenos Aires realiza la marcha del silencio a un mes de la muerte del fiscal Nisman"},"content":{"rendered":"<div id=\"attachment_163383\" style=\"width: 510px\" class=\"wp-caption alignright\"><a href=\"http:\/\/www.ecuadortimes.net\/es\/wp-content\/uploads\/2015\/02\/Buenos-Aires-marcha-del-silencio-un-mes-muerte-fiscal-Nisman.jpeg\"><img aria-describedby=\"caption-attachment-163383\" loading=\"lazy\" class=\" wp-image-163383\" src=\"https:\/\/www.ecuadortimes.net\/es\/wp-content\/uploads\/2015\/02\/Buenos-Aires-marcha-del-silencio-un-mes-muerte-fiscal-Nisman.jpeg\" alt=\"EFE\" width=\"500\" height=\"334\" \/><\/a><p id=\"caption-attachment-163383\" class=\"wp-caption-text\">EFE<\/p><\/div>\n<p>Las calles de la Argentina fueron el escenario de la denominada &#8220;marcha del silencio&#8221; para &#8220;honrar&#8221; la memoria del fiscal Alberto Nisman al cumplirse un mes de su muerte en circunstancias que la Justicia a\u00fan investiga.<\/p>\n<p>Cientos de miles de personas se concentraron en los alrededores del Parlamento de Buenos Aires y, bajo la lluvia, marcharon hacia la emblem\u00e1tica Plaza de Mayo, frente a la Casa de Gobierno.<\/p>\n<p>La movilizaci\u00f3n fue convocada sin consignas pol\u00edticas ni identificaciones partidarias por un grupo de seis fiscales, de los cuales varios investigan presuntos delitos de funcionarios del gobierno.<\/p>\n<p>Sin embargo, hubo participaci\u00f3n de varios referentes de la oposici\u00f3n pol\u00edtica al gobierno de Cristina Fern\u00e1ndez de Kirchner.<\/p>\n<p>El motivo de la marcha fue &#8220;rendir homenaje&#8221; al fallecido Nisman y la mayor\u00eda de los asistentes pidieron &#8220;justicia&#8221; y gritaron &#8220;no tenemos miedo&#8221;.<\/p>\n<p>Nisman fue hallado con un disparo en la cabeza el 18 de enero, cuatro d\u00edas despu\u00e9s de denunciar a Fern\u00e1ndez de Kirchner por el supuesto encubrimiento a los iran\u00edes acusados por el atentado a la mutual jud\u00eda AMIA en 1994 en Buenos Aires.<\/p>\n","protected":false},"excerpt":{"rendered":"<p>Las calles de la Argentina fueron el escenario de la denominada &#8220;marcha del silencio&#8221; para &#8220;honrar&#8221; la memoria del fiscal Alberto Nisman al cumplirse un mes de su muerte en circunstancias que la Justicia a\u00fan investiga. Cientos de miles de personas se concentraron en los alrededores del Parlamento de Buenos Aires y, bajo la lluvia, marcharon hacia la emblem\u00e1tica Plaza de Mayo, frente a la Casa de Gobierno. La movilizaci\u00f3n fue convocada sin consignas pol\u00edticas ni identificaciones partidarias por un grupo de seis fiscales, de los cuales varios investigan presuntos delitos de funcionarios del gobierno. Sin embargo, hubo participaci\u00f3n de varios referentes de la oposici\u00f3n pol\u00edtica al gobierno de Cristina Fern\u00e1ndez de Kirchner. El motivo de la marcha fue &#8220;rendir homenaje&#8221; al fallecido Nisman y la mayor\u00eda de los asistentes pidieron &#8220;justicia&#8221; y gritaron &#8220;no tenemos miedo&#8221;. Nisman fue hallado con un disparo en la cabeza el 18 de enero, cuatro d\u00edas despu\u00e9s de denunciar a Fern\u00e1ndez de Kirchner por el supuesto encubrimiento a los iran\u00edes acusados por el atentado a la mutual jud\u00eda AMIA en 1994 en Buenos Aires.<\/p>\n","protected":false},"author":1,"featured_media":233458,"comment_status":"open","ping_status":"open","sticky":false,"template":"","format":"standard","meta":[],"categories":[34,37],"tags":[],"_links":{"self":[{"href":"https:\/\/www.ecuadortimes.net\/es\/wp-json\/wp\/v2\/posts\/233457"}],"collection":[{"href":"https:\/\/www.ecuadortimes.net\/es\/wp-json\/wp\/v2\/posts"}],"about":[{"href":"https:\/\/www.ecuadortimes.net\/es\/wp-json\/wp\/v2\/types\/post"}],"author":[{"embeddable":true,"href":"https:\/\/www.ecuadortimes.net\/es\/wp-json\/wp\/v2\/users\/1"}],"replies":[{"embeddable":true,"href":"https:\/\/www.ecuadortimes.net\/es\/wp-json\/wp\/v2\/comments?post=233457"}],"version-history":[{"count":0,"href":"https:\/\/www.ecuadortimes.net\/es\/wp-json\/wp\/v2\/posts\/233457\/revisions"}],"wp:featuredmedia":[{"embeddable":true,"href":"https:\/\/www.ecuadortimes.net\/es\/wp-json\/wp\/v2\/media\/233458"}],"wp:attachment":[{"href":"https:\/\/www.ecuadortimes.net\/es\/wp-json\/wp\/v2\/media?parent=233457"}],"wp:term":[{"taxonomy":"category","embeddable":true,"href":"https:\/\/www.ecuadortimes.net\/es\/wp-json\/wp\/v2\/categories?post=233457"},{"taxonomy":"post_tag","embeddable":true,"href":"https:\/\/www.ecuadortimes.net\/es\/wp-json\/wp\/v2\/tags?post=233457"}],"curies":[{"name":"wp","href":"https:\/\/api.w.org\/{rel}","templated":true}]}}