{"id":233463,"date":"2015-02-19T00:00:00","date_gmt":"2015-02-19T00:00:00","guid":{"rendered":"https:\/\/www.ecuadortimes.net\/es\/sri-plantea-reformas-a-la-ley-de-incentivos\/"},"modified":"2015-02-19T00:00:00","modified_gmt":"2015-02-19T00:00:00","slug":"sri-plantea-reformas-a-la-ley-de-incentivos","status":"publish","type":"post","link":"https:\/\/www.ecuadortimes.net\/es\/sri-plantea-reformas-a-la-ley-de-incentivos\/","title":{"rendered":"SRI plantea reformas a la ley de Incentivos"},"content":{"rendered":"<p class=\"ecxMsoNormal\"><a href=\"http:\/\/www.ecuadortimes.net\/es\/wp-content\/uploads\/2015\/02\/sri.jpg\"><img loading=\"lazy\" class=\"alignright size-medium wp-image-163395\" src=\"https:\/\/www.ecuadortimes.net\/es\/wp-content\/uploads\/2015\/02\/sri-300x167.jpg\" alt=\"sri\" width=\"300\" height=\"167\" \/><\/a><\/p>\n<p class=\"ecxMsoNormal\">En los pr\u00f3ximos d\u00edas se har\u00e1n diferentes modificaciones al reglamento de aplicaci\u00f3n de la Ley de Incentivos a la Producci\u00f3n, indic\u00f3 ayer la Directora del Servicio de Rentas Internas (SRI), Ximena Amoroso.<\/p>\n<p class=\"ecxMsoNormal\">Las reformas son de car\u00e1cter aclaratorio m\u00e1s que nada, porque hab\u00eda dudas planteadas por empresarios. Esperemos que en estos d\u00edas se d\u00e9 a conocer los detalles\u009d, dijo Amoroso.<\/p>\n<p class=\"ecxMsoNormal\">El titular del SRI aclar\u00f3 que por ser una reforma al reglamento, el documento no necesita pasar por la Asamblea, sino que ser\u00eda aprobado directamente por el Ejecutivo.<\/p>\n<p class=\"ecxMsoNormal\">Por ejemplo, en el tema de la publicidad, el reglamento se\u00f1ala que los contribuyentes que se dediquen a la producci\u00f3n y comercializaci\u00f3n de alimentos preparados con contenido hiperprocesado no podr\u00e1n deducir ning\u00fan rubro por concepto de promoci\u00f3n y publicidad. La reforma propone permitir que los gastos en publicidad que realicen estas empresas, para promover temas de salud y actividad deportiva, puedan ser deducidos del c\u00e1lculo del Impuesto a la Renta.<\/p>\n<p class=\"ecxMsoNormal\">Adem\u00e1s, mencion\u00f3 que en cocinas de inducci\u00f3n se har\u00e1 la aclaraci\u00f3n de que las piezas y partes de cocinas de inducci\u00f3n no pagar\u00e1n ni IVA ni ICE\u009d.<\/p>\n","protected":false},"excerpt":{"rendered":"<p>En los pr\u00f3ximos d\u00edas se har\u00e1n diferentes modificaciones al reglamento de aplicaci\u00f3n de la Ley de Incentivos a la Producci\u00f3n, indic\u00f3 ayer la Directora del Servicio de Rentas Internas (SRI), Ximena Amoroso. Las reformas son de car\u00e1cter aclaratorio m\u00e1s que nada, porque hab\u00eda dudas planteadas por empresarios. Esperemos que en estos d\u00edas se d\u00e9 a conocer los detalles\u009d, dijo Amoroso. El titular del SRI aclar\u00f3 que por ser una reforma al reglamento, el documento no necesita pasar por la Asamblea, sino que ser\u00eda aprobado directamente por el Ejecutivo. Por ejemplo, en el tema de la publicidad, el reglamento se\u00f1ala que los contribuyentes que se dediquen a la producci\u00f3n y comercializaci\u00f3n de alimentos preparados con contenido hiperprocesado no podr\u00e1n deducir ning\u00fan rubro por concepto de promoci\u00f3n y publicidad. La reforma propone permitir que los gastos en publicidad que realicen estas empresas, para promover temas de salud y actividad deportiva, puedan ser deducidos del c\u00e1lculo del Impuesto a la Renta. Adem\u00e1s, mencion\u00f3 que en cocinas de inducci\u00f3n se har\u00e1 la aclaraci\u00f3n de que las piezas y partes de cocinas de inducci\u00f3n no pagar\u00e1n ni IVA ni ICE\u009d.<\/p>\n","protected":false},"author":1,"featured_media":233464,"comment_status":"open","ping_status":"open","sticky":false,"template":"","format":"standard","meta":[],"categories":[43,40,37],"tags":[],"_links":{"self":[{"href":"https:\/\/www.ecuadortimes.net\/es\/wp-json\/wp\/v2\/posts\/233463"}],"collection":[{"href":"https:\/\/www.ecuadortimes.net\/es\/wp-json\/wp\/v2\/posts"}],"about":[{"href":"https:\/\/www.ecuadortimes.net\/es\/wp-json\/wp\/v2\/types\/post"}],"author":[{"embeddable":true,"href":"https:\/\/www.ecuadortimes.net\/es\/wp-json\/wp\/v2\/users\/1"}],"replies":[{"embeddable":true,"href":"https:\/\/www.ecuadortimes.net\/es\/wp-json\/wp\/v2\/comments?post=233463"}],"version-history":[{"count":0,"href":"https:\/\/www.ecuadortimes.net\/es\/wp-json\/wp\/v2\/posts\/233463\/revisions"}],"wp:featuredmedia":[{"embeddable":true,"href":"https:\/\/www.ecuadortimes.net\/es\/wp-json\/wp\/v2\/media\/233464"}],"wp:attachment":[{"href":"https:\/\/www.ecuadortimes.net\/es\/wp-json\/wp\/v2\/media?parent=233463"}],"wp:term":[{"taxonomy":"category","embeddable":true,"href":"https:\/\/www.ecuadortimes.net\/es\/wp-json\/wp\/v2\/categories?post=233463"},{"taxonomy":"post_tag","embeddable":true,"href":"https:\/\/www.ecuadortimes.net\/es\/wp-json\/wp\/v2\/tags?post=233463"}],"curies":[{"name":"wp","href":"https:\/\/api.w.org\/{rel}","templated":true}]}}