{"id":233469,"date":"2015-02-19T00:00:00","date_gmt":"2015-02-19T00:00:00","guid":{"rendered":"https:\/\/www.ecuadortimes.net\/es\/se-designan-nuevos-ministros-de-comercio-exterior-y-vivienda\/"},"modified":"2015-02-19T00:00:00","modified_gmt":"2015-02-19T00:00:00","slug":"se-designan-nuevos-ministros-de-comercio-exterior-y-vivienda","status":"publish","type":"post","link":"https:\/\/www.ecuadortimes.net\/es\/se-designan-nuevos-ministros-de-comercio-exterior-y-vivienda\/","title":{"rendered":"Se designan nuevos Ministros de Comercio exterior y Vivienda"},"content":{"rendered":"<p><a href=\"http:\/\/www.ecuadortimes.net\/es\/wp-content\/uploads\/2015\/02\/11932034574_ecde8b519a_c.jpg\"><img loading=\"lazy\" class=\"alignright  wp-image-163412\" src=\"https:\/\/www.ecuadortimes.net\/es\/wp-content\/uploads\/2015\/02\/11932034574_ecde8b519a_c-300x211.jpg\" alt=\"11932034574_ecde8b519a_c\" width=\"488\" height=\"343\" \/><\/a>El Presidente Rafael Correa, mediante Decreto Ejecutivo 585, design\u00f3 al reemplazo de Francisco Rivadeneira, antiguo Ministro de Comercio. Diego Aulestia Valencia ser\u00e1 el encargado de ocupar dicho cargo, mientras que Mar\u00eda de los \u00c3\u0081ngeles Duarte ser\u00e1 la nueva Ministra de Desarrollo Urbano y Vivienda.<\/p>\n<p>Aulestia ocupaba hasta ayer el cargo de Ministro de Desarrollo Urbano y Vivienda y es economista por la Universidad Cat\u00f3lica del Ecuador. Adem\u00e1s cuenta con un diplomado en Estudios Urbanos por la Universidad Nova de Lisboa y masterados en Historia, Econom\u00eda e Historia Econ\u00f3mica en centros educativos extranjeros; entre ellos, la London School of Economics and Political Science \/ Institute of Latin American Studies (ILAS).<\/p>\n<p>Duarte, por otro lado, ven\u00eda cumpliendo funciones en la dirigencia del Movimiento de Gobierno Alianza PAIS en la provincia del Guayas.<\/p>\n<p>Fuentes no oficiales indicaron que otro cambio que el r\u00e9gimen realizar\u00e1 es en la cartera de Coordinaci\u00f3n de la Producci\u00f3n, por lo que habr\u00eda sido convocada la embajadora de Ecuador en Estados Unidos, Nathalie Cely.<\/p>\n<p>\u008bCely ya ocup\u00f3 ese cargo por casi dos a\u00f1os, hasta noviembre del 2011.\u008b<\/p>\n","protected":false},"excerpt":{"rendered":"<p>El Presidente Rafael Correa, mediante Decreto Ejecutivo 585, design\u00f3 al reemplazo de Francisco Rivadeneira, antiguo Ministro de Comercio. Diego Aulestia Valencia ser\u00e1 el encargado de ocupar dicho cargo, mientras que Mar\u00eda de los \u00c3\u0081ngeles Duarte ser\u00e1 la nueva Ministra de Desarrollo Urbano y Vivienda. Aulestia ocupaba hasta ayer el cargo de Ministro de Desarrollo Urbano y Vivienda y es economista por la Universidad Cat\u00f3lica del Ecuador. Adem\u00e1s cuenta con un diplomado en Estudios Urbanos por la Universidad Nova de Lisboa y masterados en Historia, Econom\u00eda e Historia Econ\u00f3mica en centros educativos extranjeros; entre ellos, la London School of Economics and Political Science \/ Institute of Latin American Studies (ILAS). Duarte, por otro lado, ven\u00eda cumpliendo funciones en la dirigencia del Movimiento de Gobierno Alianza PAIS en la provincia del Guayas. Fuentes no oficiales indicaron que otro cambio que el r\u00e9gimen realizar\u00e1 es en la cartera de Coordinaci\u00f3n de la Producci\u00f3n, por lo que habr\u00eda sido convocada la embajadora de Ecuador en Estados Unidos, Nathalie Cely. \u008bCely ya ocup\u00f3 ese cargo por casi dos a\u00f1os, hasta noviembre del 2011.\u008b<\/p>\n","protected":false},"author":1,"featured_media":233470,"comment_status":"open","ping_status":"open","sticky":false,"template":"","format":"standard","meta":[],"categories":[54,40,37],"tags":[],"_links":{"self":[{"href":"https:\/\/www.ecuadortimes.net\/es\/wp-json\/wp\/v2\/posts\/233469"}],"collection":[{"href":"https:\/\/www.ecuadortimes.net\/es\/wp-json\/wp\/v2\/posts"}],"about":[{"href":"https:\/\/www.ecuadortimes.net\/es\/wp-json\/wp\/v2\/types\/post"}],"author":[{"embeddable":true,"href":"https:\/\/www.ecuadortimes.net\/es\/wp-json\/wp\/v2\/users\/1"}],"replies":[{"embeddable":true,"href":"https:\/\/www.ecuadortimes.net\/es\/wp-json\/wp\/v2\/comments?post=233469"}],"version-history":[{"count":0,"href":"https:\/\/www.ecuadortimes.net\/es\/wp-json\/wp\/v2\/posts\/233469\/revisions"}],"wp:featuredmedia":[{"embeddable":true,"href":"https:\/\/www.ecuadortimes.net\/es\/wp-json\/wp\/v2\/media\/233470"}],"wp:attachment":[{"href":"https:\/\/www.ecuadortimes.net\/es\/wp-json\/wp\/v2\/media?parent=233469"}],"wp:term":[{"taxonomy":"category","embeddable":true,"href":"https:\/\/www.ecuadortimes.net\/es\/wp-json\/wp\/v2\/categories?post=233469"},{"taxonomy":"post_tag","embeddable":true,"href":"https:\/\/www.ecuadortimes.net\/es\/wp-json\/wp\/v2\/tags?post=233469"}],"curies":[{"name":"wp","href":"https:\/\/api.w.org\/{rel}","templated":true}]}}