{"id":233487,"date":"2015-02-20T00:00:00","date_gmt":"2015-02-20T00:00:00","guid":{"rendered":"https:\/\/www.ecuadortimes.net\/es\/secom-desmiente-a-teleamazonas-sobre-cambio-en-la-direccion-del-iess\/"},"modified":"2015-02-20T00:00:00","modified_gmt":"2015-02-20T00:00:00","slug":"secom-desmiente-a-teleamazonas-sobre-cambio-en-la-direccion-del-iess","status":"publish","type":"post","link":"https:\/\/www.ecuadortimes.net\/es\/secom-desmiente-a-teleamazonas-sobre-cambio-en-la-direccion-del-iess\/","title":{"rendered":"Secom desmiente a Teleamazonas sobre cambio en la direcci\u00f3n del IESS"},"content":{"rendered":"<p><a href=\"http:\/\/www.ecuadortimes.net\/es\/wp-content\/uploads\/2015\/02\/comunciado.jpg\"><img loading=\"lazy\" class=\"alignright wp-image-163457\" src=\"https:\/\/www.ecuadortimes.net\/es\/wp-content\/uploads\/2015\/02\/comunciado-300x161.jpg\" alt=\"comunciado\" width=\"450\" height=\"242\" \/><\/a>La Secretar\u00eda Nacional de Comunicaci\u00f3n (Secom) sostuvo en un comunicado oficial que no habr\u00e1 cambios en el Directorio del Instituto Ecuatoriano de Seguridad Social (IESS), desmintiendo la noticia difundida por el medio televisivo <i>Teleamazonas<\/i>, el cual se asegur\u00f3 que V\u00edctor Hugo Villacr\u00e9s ser\u00e1 removido de la Direcci\u00f3n del IESS y en su reemplazo asumir\u00eda Richard Espinosa, actual Ministro Coordinador de la Producci\u00f3n.<\/p>\n<p>La Secom convoc\u00f3 este 20 de febrero a una declaraci\u00f3n de prensa a los medios, en donde el vocero oficial de la instituci\u00f3n dio a conocer cambios en el Gabinete Ministerial del Presidente y en la que nunca se mencion\u00f3 remoci\u00f3n alguna en el Instituto Ecuatoriano de Seguridad Social.<\/p>\n<p>El comunicado sostiene que\u00a0la nota de<i> Teleamazonas<\/i>\u00a0&#8220;incluy\u00f3 solo una parte del anuncio oficial y present\u00f3 informaci\u00f3n no confirmada sobre el presunto cambio en el Directorio del IESS, actitud que no se ajusta a la realidad y contribuye a la desinformaci\u00f3n ciudadana&#8221;.<\/p>\n<p>Teleamazonas por su parte no se ha pronunciado aun por este comunicado.<\/p>\n","protected":false},"excerpt":{"rendered":"<p>La Secretar\u00eda Nacional de Comunicaci\u00f3n (Secom) sostuvo en un comunicado oficial que no habr\u00e1 cambios en el Directorio del Instituto Ecuatoriano de Seguridad Social (IESS), desmintiendo la noticia difundida por el medio televisivo Teleamazonas, el cual se asegur\u00f3 que V\u00edctor Hugo Villacr\u00e9s ser\u00e1 removido de la Direcci\u00f3n del IESS y en su reemplazo asumir\u00eda Richard Espinosa, actual Ministro Coordinador de la Producci\u00f3n. La Secom convoc\u00f3 este 20 de febrero a una declaraci\u00f3n de prensa a los medios, en donde el vocero oficial de la instituci\u00f3n dio a conocer cambios en el Gabinete Ministerial del Presidente y en la que nunca se mencion\u00f3 remoci\u00f3n alguna en el Instituto Ecuatoriano de Seguridad Social. El comunicado sostiene que\u00a0la nota de Teleamazonas\u00a0&#8220;incluy\u00f3 solo una parte del anuncio oficial y present\u00f3 informaci\u00f3n no confirmada sobre el presunto cambio en el Directorio del IESS, actitud que no se ajusta a la realidad y contribuye a la desinformaci\u00f3n ciudadana&#8221;. Teleamazonas por su parte no se ha pronunciado aun por este comunicado.<\/p>\n","protected":false},"author":1,"featured_media":233488,"comment_status":"open","ping_status":"open","sticky":false,"template":"","format":"standard","meta":[],"categories":[54,40,37],"tags":[],"_links":{"self":[{"href":"https:\/\/www.ecuadortimes.net\/es\/wp-json\/wp\/v2\/posts\/233487"}],"collection":[{"href":"https:\/\/www.ecuadortimes.net\/es\/wp-json\/wp\/v2\/posts"}],"about":[{"href":"https:\/\/www.ecuadortimes.net\/es\/wp-json\/wp\/v2\/types\/post"}],"author":[{"embeddable":true,"href":"https:\/\/www.ecuadortimes.net\/es\/wp-json\/wp\/v2\/users\/1"}],"replies":[{"embeddable":true,"href":"https:\/\/www.ecuadortimes.net\/es\/wp-json\/wp\/v2\/comments?post=233487"}],"version-history":[{"count":0,"href":"https:\/\/www.ecuadortimes.net\/es\/wp-json\/wp\/v2\/posts\/233487\/revisions"}],"wp:featuredmedia":[{"embeddable":true,"href":"https:\/\/www.ecuadortimes.net\/es\/wp-json\/wp\/v2\/media\/233488"}],"wp:attachment":[{"href":"https:\/\/www.ecuadortimes.net\/es\/wp-json\/wp\/v2\/media?parent=233487"}],"wp:term":[{"taxonomy":"category","embeddable":true,"href":"https:\/\/www.ecuadortimes.net\/es\/wp-json\/wp\/v2\/categories?post=233487"},{"taxonomy":"post_tag","embeddable":true,"href":"https:\/\/www.ecuadortimes.net\/es\/wp-json\/wp\/v2\/tags?post=233487"}],"curies":[{"name":"wp","href":"https:\/\/api.w.org\/{rel}","templated":true}]}}