{"id":233490,"date":"2015-02-20T00:00:00","date_gmt":"2015-02-20T00:00:00","guid":{"rendered":"https:\/\/www.ecuadortimes.net\/es\/la-conaie-admite-tener-un-inmueble-en-quito-desde-1989\/"},"modified":"2015-02-20T00:00:00","modified_gmt":"2015-02-20T00:00:00","slug":"la-conaie-admite-tener-un-inmueble-en-quito-desde-1989","status":"publish","type":"post","link":"https:\/\/www.ecuadortimes.net\/es\/la-conaie-admite-tener-un-inmueble-en-quito-desde-1989\/","title":{"rendered":"La Conaie admite tener un inmueble en Quito desde 1989"},"content":{"rendered":"<p><a href=\"http:\/\/www.ecuadortimes.net\/es\/wp-content\/uploads\/2015\/02\/conaie1.jpg\"><img loading=\"lazy\" class=\"alignright size-medium wp-image-163460\" src=\"https:\/\/www.ecuadortimes.net\/es\/wp-content\/uploads\/2015\/02\/conaie1-300x168.jpg\" alt=\"conaie\" width=\"300\" height=\"168\" \/><\/a>La Confederaci\u00f3n de Nacionalidades Ind\u00edgenas del Ecuador (Conaie) mantiene un inmueble de\u00a073 m\u00b2 de construcci\u00f3n en el Centro Hist\u00f3rico de Quito, que\u00a0fue adquirido para la organizaci\u00f3n por la cooperaci\u00f3n alemana en 1989 y actualmente lo utilizan como\u00a0un centro de acogida para sus dirigentes y estudiantes ind\u00edgenas.<\/p>\n<p>La casa de tres pisos muestra un evidente deterioro y abandono por el paso de los a\u00f1os. Este\u00a0se mantiene en estas condiciones por la falta de recursos econ\u00f3micos, explic\u00f3 el presidente de la Conaie, Jorge Herrera. Los habitantes realizan peque\u00f1os aportes para pagar los servicios b\u00e1sicos.<\/p>\n<p>La explicaci\u00f3n acerca de la existencia de este inmueble se realiz\u00f3 despu\u00e9s de que un grupo de exdirigentes ind\u00edgenas denunciara que esta casa fue hipotecada y que fue usada en beneficio de los dirigentes.Este es el \u00fanico bien que posee la Conaie con escrituras, afirm\u00f3 Herrera. Y rechaz\u00f3 que se genere una disputa pol\u00edtica con el \u00fanico inter\u00e9s de da\u00f1ar la imagen de la organizaci\u00f3n\u009d.<\/p>\n<p>Debido a que las condiciones no son adecuadas para el funcionamiento de la sede, insistir\u00e1 en que el MIES mantenga el comodato del edificio ubicado en el norte de Quito.<\/p>\n","protected":false},"excerpt":{"rendered":"<p>La Confederaci\u00f3n de Nacionalidades Ind\u00edgenas del Ecuador (Conaie) mantiene un inmueble de\u00a073 m\u00b2 de construcci\u00f3n en el Centro Hist\u00f3rico de Quito, que\u00a0fue adquirido para la organizaci\u00f3n por la cooperaci\u00f3n alemana en 1989 y actualmente lo utilizan como\u00a0un centro de acogida para sus dirigentes y estudiantes ind\u00edgenas. La casa de tres pisos muestra un evidente deterioro y abandono por el paso de los a\u00f1os. Este\u00a0se mantiene en estas condiciones por la falta de recursos econ\u00f3micos, explic\u00f3 el presidente de la Conaie, Jorge Herrera. Los habitantes realizan peque\u00f1os aportes para pagar los servicios b\u00e1sicos. La explicaci\u00f3n acerca de la existencia de este inmueble se realiz\u00f3 despu\u00e9s de que un grupo de exdirigentes ind\u00edgenas denunciara que esta casa fue hipotecada y que fue usada en beneficio de los dirigentes.Este es el \u00fanico bien que posee la Conaie con escrituras, afirm\u00f3 Herrera. Y rechaz\u00f3 que se genere una disputa pol\u00edtica con el \u00fanico inter\u00e9s de da\u00f1ar la imagen de la organizaci\u00f3n\u009d. Debido a que las condiciones no son adecuadas para el funcionamiento de la sede, insistir\u00e1 en que el MIES mantenga el comodato del edificio ubicado en el norte de Quito.<\/p>\n","protected":false},"author":1,"featured_media":233491,"comment_status":"open","ping_status":"open","sticky":false,"template":"","format":"standard","meta":[],"categories":[40,37],"tags":[],"_links":{"self":[{"href":"https:\/\/www.ecuadortimes.net\/es\/wp-json\/wp\/v2\/posts\/233490"}],"collection":[{"href":"https:\/\/www.ecuadortimes.net\/es\/wp-json\/wp\/v2\/posts"}],"about":[{"href":"https:\/\/www.ecuadortimes.net\/es\/wp-json\/wp\/v2\/types\/post"}],"author":[{"embeddable":true,"href":"https:\/\/www.ecuadortimes.net\/es\/wp-json\/wp\/v2\/users\/1"}],"replies":[{"embeddable":true,"href":"https:\/\/www.ecuadortimes.net\/es\/wp-json\/wp\/v2\/comments?post=233490"}],"version-history":[{"count":0,"href":"https:\/\/www.ecuadortimes.net\/es\/wp-json\/wp\/v2\/posts\/233490\/revisions"}],"wp:featuredmedia":[{"embeddable":true,"href":"https:\/\/www.ecuadortimes.net\/es\/wp-json\/wp\/v2\/media\/233491"}],"wp:attachment":[{"href":"https:\/\/www.ecuadortimes.net\/es\/wp-json\/wp\/v2\/media?parent=233490"}],"wp:term":[{"taxonomy":"category","embeddable":true,"href":"https:\/\/www.ecuadortimes.net\/es\/wp-json\/wp\/v2\/categories?post=233490"},{"taxonomy":"post_tag","embeddable":true,"href":"https:\/\/www.ecuadortimes.net\/es\/wp-json\/wp\/v2\/tags?post=233490"}],"curies":[{"name":"wp","href":"https:\/\/api.w.org\/{rel}","templated":true}]}}