{"id":233492,"date":"2015-02-20T00:00:00","date_gmt":"2015-02-20T00:00:00","guid":{"rendered":"https:\/\/www.ecuadortimes.net\/es\/celac-y-cepal-planean-una-estrategia-de-desarrollo-regional\/"},"modified":"2015-02-20T00:00:00","modified_gmt":"2015-02-20T00:00:00","slug":"celac-y-cepal-planean-una-estrategia-de-desarrollo-regional","status":"publish","type":"post","link":"https:\/\/www.ecuadortimes.net\/es\/celac-y-cepal-planean-una-estrategia-de-desarrollo-regional\/","title":{"rendered":"Celac y Cepal planean una estrategia de desarrollo regional"},"content":{"rendered":"<p class=\"ecxMsoNormal\"><span style=\"font-family: 'Times New Roman', sans-serif; font-size: medium;\"><a href=\"http:\/\/www.ecuadortimes.net\/es\/wp-content\/uploads\/2015\/02\/cepal-celac-reunion.jpg\"><img loading=\"lazy\" class=\"alignright  wp-image-163464\" src=\"https:\/\/www.ecuadortimes.net\/es\/wp-content\/uploads\/2015\/02\/cepal-celac-reunion-300x170.jpg\" alt=\"cepal-celac-reunion\" width=\"388\" height=\"220\" \/><\/a><\/span><\/p>\n<p class=\"ecxMsoNormal\"><span style=\"font-family: 'Times New Roman', sans-serif; font-size: medium;\">La Comisi\u00f3n Econ\u00f3mica para Am\u00e9rica Latina (CEPAL) y la Comunidad de Estados Latinoamericanos y Caribe\u00f1os (CELAC) mantuvieron una reuni\u00f3n ayer en Quito con el objetivo de planificar una estrategia de desarrollo regional para los pr\u00f3ximos cinco a\u00f1os.<\/span><\/p>\n<p class=\"ecxMsoNormal\"><span style=\"font-family: 'Times New Roman', sans-serif; font-size: medium;\">Alicia B\u00e1rcenas, <span style=\"font-size: medium;\">S<\/span>ecretaria <span style=\"font-size: medium;\">E<\/span>jecutiva de Cepal, junto al Canciller de Ecuador, Ricardo Pati\u00f1o, se\u00f1alaron que el objetivo de la reuni\u00f3n fue &#8220;estructurar una estrategia de acompa\u00f1amiento&#8221; sobre pobreza y desigualdad, cambio clim\u00e1tico y medio ambiente, financiamiento para el desarrollo, ciencia y tecnolog\u00eda, e infraestructura de la regi\u00f3n.<\/span><\/p>\n<p class=\"ecxMsoNormal\"><span style=\"font-family: 'Times New Roman', sans-serif; font-size: medium;\">Los puntos tratados constituyen una propuesta de Ecuador bajo la Presidencia Pro Tempore de la Comunida<span style=\"font-size: medium;\">.<\/span><\/span><\/p>\n<p class=\"ecxMsoNormal\"><span style=\"font-family: 'Times New Roman', sans-serif; font-size: medium;\">Los funcionarios indicaron que la cita fue para poner una l\u00ednea base a partir de la cual se espera planificar el desarrollo regional.<\/span><\/p>\n","protected":false},"excerpt":{"rendered":"<p>La Comisi\u00f3n Econ\u00f3mica para Am\u00e9rica Latina (CEPAL) y la Comunidad de Estados Latinoamericanos y Caribe\u00f1os (CELAC) mantuvieron una reuni\u00f3n ayer en Quito con el objetivo de planificar una estrategia de desarrollo regional para los pr\u00f3ximos cinco a\u00f1os. Alicia B\u00e1rcenas, Secretaria Ejecutiva de Cepal, junto al Canciller de Ecuador, Ricardo Pati\u00f1o, se\u00f1alaron que el objetivo de la reuni\u00f3n fue &#8220;estructurar una estrategia de acompa\u00f1amiento&#8221; sobre pobreza y desigualdad, cambio clim\u00e1tico y medio ambiente, financiamiento para el desarrollo, ciencia y tecnolog\u00eda, e infraestructura de la regi\u00f3n. Los puntos tratados constituyen una propuesta de Ecuador bajo la Presidencia Pro Tempore de la Comunida. Los funcionarios indicaron que la cita fue para poner una l\u00ednea base a partir de la cual se espera planificar el desarrollo regional.<\/p>\n","protected":false},"author":1,"featured_media":233493,"comment_status":"open","ping_status":"open","sticky":false,"template":"","format":"standard","meta":[],"categories":[40,37],"tags":[],"_links":{"self":[{"href":"https:\/\/www.ecuadortimes.net\/es\/wp-json\/wp\/v2\/posts\/233492"}],"collection":[{"href":"https:\/\/www.ecuadortimes.net\/es\/wp-json\/wp\/v2\/posts"}],"about":[{"href":"https:\/\/www.ecuadortimes.net\/es\/wp-json\/wp\/v2\/types\/post"}],"author":[{"embeddable":true,"href":"https:\/\/www.ecuadortimes.net\/es\/wp-json\/wp\/v2\/users\/1"}],"replies":[{"embeddable":true,"href":"https:\/\/www.ecuadortimes.net\/es\/wp-json\/wp\/v2\/comments?post=233492"}],"version-history":[{"count":0,"href":"https:\/\/www.ecuadortimes.net\/es\/wp-json\/wp\/v2\/posts\/233492\/revisions"}],"wp:featuredmedia":[{"embeddable":true,"href":"https:\/\/www.ecuadortimes.net\/es\/wp-json\/wp\/v2\/media\/233493"}],"wp:attachment":[{"href":"https:\/\/www.ecuadortimes.net\/es\/wp-json\/wp\/v2\/media?parent=233492"}],"wp:term":[{"taxonomy":"category","embeddable":true,"href":"https:\/\/www.ecuadortimes.net\/es\/wp-json\/wp\/v2\/categories?post=233492"},{"taxonomy":"post_tag","embeddable":true,"href":"https:\/\/www.ecuadortimes.net\/es\/wp-json\/wp\/v2\/tags?post=233492"}],"curies":[{"name":"wp","href":"https:\/\/api.w.org\/{rel}","templated":true}]}}