{"id":233494,"date":"2015-02-20T00:00:00","date_gmt":"2015-02-20T00:00:00","guid":{"rendered":"https:\/\/www.ecuadortimes.net\/es\/vicepresidente-argentino-amado-boudou-sera-enjuiciado-por-corrupcion\/"},"modified":"2015-02-20T00:00:00","modified_gmt":"2015-02-20T00:00:00","slug":"vicepresidente-argentino-amado-boudou-sera-enjuiciado-por-corrupcion","status":"publish","type":"post","link":"https:\/\/www.ecuadortimes.net\/es\/vicepresidente-argentino-amado-boudou-sera-enjuiciado-por-corrupcion\/","title":{"rendered":"Vicepresidente argentino Amado Boudou ser\u00e1 enjuiciado por corrupci\u00f3n"},"content":{"rendered":"<p><a href=\"http:\/\/www.ecuadortimes.net\/es\/wp-content\/uploads\/2015\/02\/Amado-Boudou-vicepresidente-Argentina-enjuiciado-corrupcion.jpeg\"><img loading=\"lazy\" class=\"alignright  wp-image-163465\" src=\"https:\/\/www.ecuadortimes.net\/es\/wp-content\/uploads\/2015\/02\/Amado-Boudou-vicepresidente-Argentina-enjuiciado-corrupcion.jpeg\" alt=\"Amado-Boudou-vicepresidente-Argentina-enjuiciado-corrupcion\" width=\"450\" height=\"286\" \/><\/a>El vicepresidente Amado Boudou ser\u00e1 procesado por corrupci\u00f3n en el caso de la compra irregular de una empresa que imprim\u00eda papel moneda para el Estado confirm\u00f3 una corte federal de Argentina.<\/p>\n<p>La Sala I de la C\u00e1mara Federal argentina confirm\u00f3 la acusaci\u00f3n formal que hab\u00eda realizado en junio el juez Ariel Lijo, quien denunci\u00f3 a Boudou por usar sus influencias para que la compa\u00f1\u00eda Ciccone saliera de la quiebra en 2010, cuando era ministro de Econom\u00eda, y luego adquirirla a trav\u00e9s de un fondo de inversi\u00f3n llamado The Old Fund.<\/p>\n<p>La corte resolvi\u00f3 &#8220;confirmar el procesamiento sin prisi\u00f3n preventiva de Amado Boudou como autor del delito de cohecho pasivo en concurso ideal con el de negociaciones incompatibles con la funci\u00f3n p\u00fablica&#8221;, seg\u00fan el fallo.<\/p>\n<p>Boudou, que ya est\u00e1 procesado y deber\u00e1 enfrentar un juicio oral por otra causa, se declar\u00f3 inocente en reiteradas ocasiones y se neg\u00f3 a renunciar a la vicepresidencia.<\/p>\n<p>El procesamiento de Boudou representa un nuevo problema para la gesti\u00f3n de la presidenta Cristina Fern\u00e1ndez, que desde hace un mes atraviesa una tormenta pol\u00edtica por la muerte del fiscal Alberto Nisman.<\/p>\n<p>&nbsp;<\/p>\n","protected":false},"excerpt":{"rendered":"<p>El vicepresidente Amado Boudou ser\u00e1 procesado por corrupci\u00f3n en el caso de la compra irregular de una empresa que imprim\u00eda papel moneda para el Estado confirm\u00f3 una corte federal de Argentina. La Sala I de la C\u00e1mara Federal argentina confirm\u00f3 la acusaci\u00f3n formal que hab\u00eda realizado en junio el juez Ariel Lijo, quien denunci\u00f3 a Boudou por usar sus influencias para que la compa\u00f1\u00eda Ciccone saliera de la quiebra en 2010, cuando era ministro de Econom\u00eda, y luego adquirirla a trav\u00e9s de un fondo de inversi\u00f3n llamado The Old Fund. La corte resolvi\u00f3 &#8220;confirmar el procesamiento sin prisi\u00f3n preventiva de Amado Boudou como autor del delito de cohecho pasivo en concurso ideal con el de negociaciones incompatibles con la funci\u00f3n p\u00fablica&#8221;, seg\u00fan el fallo. Boudou, que ya est\u00e1 procesado y deber\u00e1 enfrentar un juicio oral por otra causa, se declar\u00f3 inocente en reiteradas ocasiones y se neg\u00f3 a renunciar a la vicepresidencia. El procesamiento de Boudou representa un nuevo problema para la gesti\u00f3n de la presidenta Cristina Fern\u00e1ndez, que desde hace un mes atraviesa una tormenta pol\u00edtica por la muerte del fiscal Alberto Nisman. &nbsp;<\/p>\n","protected":false},"author":1,"featured_media":233495,"comment_status":"open","ping_status":"open","sticky":false,"template":"","format":"standard","meta":[],"categories":[34,37],"tags":[],"_links":{"self":[{"href":"https:\/\/www.ecuadortimes.net\/es\/wp-json\/wp\/v2\/posts\/233494"}],"collection":[{"href":"https:\/\/www.ecuadortimes.net\/es\/wp-json\/wp\/v2\/posts"}],"about":[{"href":"https:\/\/www.ecuadortimes.net\/es\/wp-json\/wp\/v2\/types\/post"}],"author":[{"embeddable":true,"href":"https:\/\/www.ecuadortimes.net\/es\/wp-json\/wp\/v2\/users\/1"}],"replies":[{"embeddable":true,"href":"https:\/\/www.ecuadortimes.net\/es\/wp-json\/wp\/v2\/comments?post=233494"}],"version-history":[{"count":0,"href":"https:\/\/www.ecuadortimes.net\/es\/wp-json\/wp\/v2\/posts\/233494\/revisions"}],"wp:featuredmedia":[{"embeddable":true,"href":"https:\/\/www.ecuadortimes.net\/es\/wp-json\/wp\/v2\/media\/233495"}],"wp:attachment":[{"href":"https:\/\/www.ecuadortimes.net\/es\/wp-json\/wp\/v2\/media?parent=233494"}],"wp:term":[{"taxonomy":"category","embeddable":true,"href":"https:\/\/www.ecuadortimes.net\/es\/wp-json\/wp\/v2\/categories?post=233494"},{"taxonomy":"post_tag","embeddable":true,"href":"https:\/\/www.ecuadortimes.net\/es\/wp-json\/wp\/v2\/tags?post=233494"}],"curies":[{"name":"wp","href":"https:\/\/api.w.org\/{rel}","templated":true}]}}