{"id":233498,"date":"2015-02-20T00:00:00","date_gmt":"2015-02-20T00:00:00","guid":{"rendered":"https:\/\/www.ecuadortimes.net\/es\/supuestos-afectados-por-terrabienes-presentaron-demanda-ante-fiscalia\/"},"modified":"2015-02-20T00:00:00","modified_gmt":"2015-02-20T00:00:00","slug":"supuestos-afectados-por-terrabienes-presentaron-demanda-ante-fiscalia","status":"publish","type":"post","link":"https:\/\/www.ecuadortimes.net\/es\/supuestos-afectados-por-terrabienes-presentaron-demanda-ante-fiscalia\/","title":{"rendered":"Supuestos afectados por Terrabienes presentaron demanda ante Fiscal\u00eda"},"content":{"rendered":"<p><a href=\"http:\/\/www.ecuadortimes.net\/es\/wp-content\/uploads\/2015\/02\/afectados.gif\"><img loading=\"lazy\" class=\"alignright size-medium wp-image-163475\" src=\"https:\/\/www.ecuadortimes.net\/es\/wp-content\/uploads\/2015\/02\/afectados-300x225.gif\" alt=\"afectados\" width=\"300\" height=\"225\" \/><\/a>Un grupo aproximado de 40 personas, supuestamente afectadas por la inmobiliaria Terrabienes,\u00a0 protest\u00f3 la ma\u00f1ana del jueves 19 de febrero en la Plaza de La Merced, frente a la Fiscal\u00eda del Guayas.<\/p>\n<p>Con gritos y pancartas reclamaron la devoluci\u00f3n del dinero pagado por la entrada de sus viviendas en las urbanizaciones Ceibos de R\u00edo y Olivos del R\u00edo; de la inmobiliaria mencionada, propiedad del grupo empresarial Ortega Trujillo.<\/p>\n<p>Terrabienes est\u00e1 intervenida por la Superintendencia de Compa\u00f1\u00edas, desde la semana pasada, por supuesta falta de solvencia.<\/p>\n<p>Cuatro representantes de los supuestos perjudicados mantuvieron una reuni\u00f3n a puerta cerrada con el fiscal provincial. Seg\u00fan los denunciantes unas 1.600 personas ser\u00edan los perjudicados por el incumplimiento en la entrega de las casas por parte de la inmobiliaria Terrabienes.<\/p>\n<p>&nbsp;<\/p>\n","protected":false},"excerpt":{"rendered":"<p>Un grupo aproximado de 40 personas, supuestamente afectadas por la inmobiliaria Terrabienes,\u00a0 protest\u00f3 la ma\u00f1ana del jueves 19 de febrero en la Plaza de La Merced, frente a la Fiscal\u00eda del Guayas. Con gritos y pancartas reclamaron la devoluci\u00f3n del dinero pagado por la entrada de sus viviendas en las urbanizaciones Ceibos de R\u00edo y Olivos del R\u00edo; de la inmobiliaria mencionada, propiedad del grupo empresarial Ortega Trujillo. Terrabienes est\u00e1 intervenida por la Superintendencia de Compa\u00f1\u00edas, desde la semana pasada, por supuesta falta de solvencia. Cuatro representantes de los supuestos perjudicados mantuvieron una reuni\u00f3n a puerta cerrada con el fiscal provincial. Seg\u00fan los denunciantes unas 1.600 personas ser\u00edan los perjudicados por el incumplimiento en la entrega de las casas por parte de la inmobiliaria Terrabienes. &nbsp;<\/p>\n","protected":false},"author":1,"featured_media":233499,"comment_status":"open","ping_status":"open","sticky":false,"template":"","format":"standard","meta":[],"categories":[40,37],"tags":[],"_links":{"self":[{"href":"https:\/\/www.ecuadortimes.net\/es\/wp-json\/wp\/v2\/posts\/233498"}],"collection":[{"href":"https:\/\/www.ecuadortimes.net\/es\/wp-json\/wp\/v2\/posts"}],"about":[{"href":"https:\/\/www.ecuadortimes.net\/es\/wp-json\/wp\/v2\/types\/post"}],"author":[{"embeddable":true,"href":"https:\/\/www.ecuadortimes.net\/es\/wp-json\/wp\/v2\/users\/1"}],"replies":[{"embeddable":true,"href":"https:\/\/www.ecuadortimes.net\/es\/wp-json\/wp\/v2\/comments?post=233498"}],"version-history":[{"count":0,"href":"https:\/\/www.ecuadortimes.net\/es\/wp-json\/wp\/v2\/posts\/233498\/revisions"}],"wp:featuredmedia":[{"embeddable":true,"href":"https:\/\/www.ecuadortimes.net\/es\/wp-json\/wp\/v2\/media\/233499"}],"wp:attachment":[{"href":"https:\/\/www.ecuadortimes.net\/es\/wp-json\/wp\/v2\/media?parent=233498"}],"wp:term":[{"taxonomy":"category","embeddable":true,"href":"https:\/\/www.ecuadortimes.net\/es\/wp-json\/wp\/v2\/categories?post=233498"},{"taxonomy":"post_tag","embeddable":true,"href":"https:\/\/www.ecuadortimes.net\/es\/wp-json\/wp\/v2\/tags?post=233498"}],"curies":[{"name":"wp","href":"https:\/\/api.w.org\/{rel}","templated":true}]}}