{"id":233500,"date":"2015-02-20T00:00:00","date_gmt":"2015-02-20T00:00:00","guid":{"rendered":"https:\/\/www.ecuadortimes.net\/es\/embajadora-en-ee-uu-cely-regresaria-al-ecuador-para-ocupar-otro-cargo\/"},"modified":"2015-02-20T00:00:00","modified_gmt":"2015-02-20T00:00:00","slug":"embajadora-en-ee-uu-cely-regresaria-al-ecuador-para-ocupar-otro-cargo","status":"publish","type":"post","link":"https:\/\/www.ecuadortimes.net\/es\/embajadora-en-ee-uu-cely-regresaria-al-ecuador-para-ocupar-otro-cargo\/","title":{"rendered":"Embajadora en EE.UU. Cely regresar\u00eda al Ecuador para ocupar otro cargo"},"content":{"rendered":"<p class=\"ecxMsoNormal\"><a href=\"http:\/\/www.ecuadortimes.net\/es\/wp-content\/uploads\/2015\/02\/embajada.jpg\"><img loading=\"lazy\" class=\"alignright size-medium wp-image-163479\" src=\"https:\/\/www.ecuadortimes.net\/es\/wp-content\/uploads\/2015\/02\/embajada-295x300.jpg\" alt=\"embajada\" width=\"295\" height=\"300\" \/><\/a>A las 18:30 del 19 de febrero, la embajadora del Ecuador en Estados Unidos, Nathalie Cely, present\u00f3 su informe de gesti\u00f3n 2012-2015 denominado\u00a0<i>Diplomacia al servicio ciudadano<\/i> en el New York Hall of Science, en Queens. De esta manera, la funcionaria de Gobierno dijo adi\u00f3s al cargo que ocup\u00f3 desde enero del 2012.<\/p>\n<p class=\"ecxMsoNormal\">Seg\u00fan fuentes internas de la Canciller\u00eda, extraoficiales, confirmaron que regresar\u00e1 al Ecuador en los pr\u00f3ximos d\u00edas para ocupar el Ministerio de Coordinaci\u00f3n de la Producci\u00f3n.<\/p>\n<p class=\"ecxMsoNormal\">Cel\u00c3\u00bd ha sido adem\u00e1s, Ministra Coordinadora de Desarrollo Social entre marzo del 2007 y abril del 2009 y posteriormente ocup\u00f3 el cargo de Ministra Coordinadora de la Producci\u00f3n, Empleo y Competitividad hasta noviembre del 2011.<\/p>\n","protected":false},"excerpt":{"rendered":"<p>A las 18:30 del 19 de febrero, la embajadora del Ecuador en Estados Unidos, Nathalie Cely, present\u00f3 su informe de gesti\u00f3n 2012-2015 denominado\u00a0Diplomacia al servicio ciudadano en el New York Hall of Science, en Queens. De esta manera, la funcionaria de Gobierno dijo adi\u00f3s al cargo que ocup\u00f3 desde enero del 2012. Seg\u00fan fuentes internas de la Canciller\u00eda, extraoficiales, confirmaron que regresar\u00e1 al Ecuador en los pr\u00f3ximos d\u00edas para ocupar el Ministerio de Coordinaci\u00f3n de la Producci\u00f3n. Cel\u00c3\u00bd ha sido adem\u00e1s, Ministra Coordinadora de Desarrollo Social entre marzo del 2007 y abril del 2009 y posteriormente ocup\u00f3 el cargo de Ministra Coordinadora de la Producci\u00f3n, Empleo y Competitividad hasta noviembre del 2011.<\/p>\n","protected":false},"author":1,"featured_media":233501,"comment_status":"open","ping_status":"open","sticky":false,"template":"","format":"standard","meta":[],"categories":[40,37],"tags":[],"_links":{"self":[{"href":"https:\/\/www.ecuadortimes.net\/es\/wp-json\/wp\/v2\/posts\/233500"}],"collection":[{"href":"https:\/\/www.ecuadortimes.net\/es\/wp-json\/wp\/v2\/posts"}],"about":[{"href":"https:\/\/www.ecuadortimes.net\/es\/wp-json\/wp\/v2\/types\/post"}],"author":[{"embeddable":true,"href":"https:\/\/www.ecuadortimes.net\/es\/wp-json\/wp\/v2\/users\/1"}],"replies":[{"embeddable":true,"href":"https:\/\/www.ecuadortimes.net\/es\/wp-json\/wp\/v2\/comments?post=233500"}],"version-history":[{"count":0,"href":"https:\/\/www.ecuadortimes.net\/es\/wp-json\/wp\/v2\/posts\/233500\/revisions"}],"wp:featuredmedia":[{"embeddable":true,"href":"https:\/\/www.ecuadortimes.net\/es\/wp-json\/wp\/v2\/media\/233501"}],"wp:attachment":[{"href":"https:\/\/www.ecuadortimes.net\/es\/wp-json\/wp\/v2\/media?parent=233500"}],"wp:term":[{"taxonomy":"category","embeddable":true,"href":"https:\/\/www.ecuadortimes.net\/es\/wp-json\/wp\/v2\/categories?post=233500"},{"taxonomy":"post_tag","embeddable":true,"href":"https:\/\/www.ecuadortimes.net\/es\/wp-json\/wp\/v2\/tags?post=233500"}],"curies":[{"name":"wp","href":"https:\/\/api.w.org\/{rel}","templated":true}]}}