{"id":233504,"date":"2015-02-20T00:00:00","date_gmt":"2015-02-20T00:00:00","guid":{"rendered":"https:\/\/www.ecuadortimes.net\/es\/el-lunes-se-reuniran-en-cuenca-los-alcaldes-de-guayaquil-quito-y-el-prefecto-de-azuay\/"},"modified":"2015-02-20T00:00:00","modified_gmt":"2015-02-20T00:00:00","slug":"el-lunes-se-reuniran-en-cuenca-los-alcaldes-de-guayaquil-quito-y-el-prefecto-de-azuay","status":"publish","type":"post","link":"https:\/\/www.ecuadortimes.net\/es\/el-lunes-se-reuniran-en-cuenca-los-alcaldes-de-guayaquil-quito-y-el-prefecto-de-azuay\/","title":{"rendered":"El lunes se reunir\u00e1n en Cuenca los alcaldes de Guayaquil, Quito y el Prefecto de Azuay"},"content":{"rendered":"<p class=\"ecxMsoNormal\"><a href=\"http:\/\/www.ecuadortimes.net\/es\/wp-content\/uploads\/2015\/02\/nebot-rodas.jpg\"><img loading=\"lazy\" class=\"alignright size-medium wp-image-163487\" src=\"https:\/\/www.ecuadortimes.net\/es\/wp-content\/uploads\/2015\/02\/nebot-rodas-300x200.jpg\" alt=\"alcaldes y prefectos\" width=\"300\" height=\"200\" \/><\/a>El lunes, se reunir\u00e1n en Cuenca\u00a0 los alcaldes de las ciudades m\u00e1s grandes del pa\u00eds, junto con el prefecto de Azuay. Se planea realizar una declaraci\u00f3n pol\u00edtica sobre la situaci\u00f3n que vive el pa\u00eds.<\/p>\n<p class=\"ecxMsoNormal\">Esta reuni\u00f3n no tendr\u00eda que ver directa o exclusivamente con la defensa de las competencias municipales, sino con asuntos generales del pa\u00eds.<\/p>\n<p class=\"ecxMsoNormal\">La reuni\u00f3n liderada por Jaime Nebot (Guayaquil), Mauricio Rodas (Quito) y el prefecto de Azuay, Pa\u00fal Carrasco, tendr\u00e1 tres ejes relacionados con la crisis econ\u00f3mica, con la situaci\u00f3n de la democracia y las libertades en el pa\u00eds.<\/p>\n<p class=\"ecxMsoNormal\">Carrasco se\u00f1al\u00f3: &#8220;B\u00e1sicamente, tocaremos temas de \u00edndole nacional, frente al proceso centralista y de desorganizaci\u00f3n social de los sectores&#8221;.<\/p>\n<p class=\"ecxMsoNormal\">La cita se llevar\u00e1 a cabo a partir de las 10:00, en las instalaciones del Mall del R\u00edo. Primero se prev\u00e9 que se realice la rendici\u00f3n de cuentas de Carrasco y luego se proceda a una reuni\u00f3n entre las autoridades seccionales que asistan.<\/p>\n<p>&nbsp;<\/p>\n","protected":false},"excerpt":{"rendered":"<p>El lunes, se reunir\u00e1n en Cuenca\u00a0 los alcaldes de las ciudades m\u00e1s grandes del pa\u00eds, junto con el prefecto de Azuay. Se planea realizar una declaraci\u00f3n pol\u00edtica sobre la situaci\u00f3n que vive el pa\u00eds. Esta reuni\u00f3n no tendr\u00eda que ver directa o exclusivamente con la defensa de las competencias municipales, sino con asuntos generales del pa\u00eds. La reuni\u00f3n liderada por Jaime Nebot (Guayaquil), Mauricio Rodas (Quito) y el prefecto de Azuay, Pa\u00fal Carrasco, tendr\u00e1 tres ejes relacionados con la crisis econ\u00f3mica, con la situaci\u00f3n de la democracia y las libertades en el pa\u00eds. Carrasco se\u00f1al\u00f3: &#8220;B\u00e1sicamente, tocaremos temas de \u00edndole nacional, frente al proceso centralista y de desorganizaci\u00f3n social de los sectores&#8221;. La cita se llevar\u00e1 a cabo a partir de las 10:00, en las instalaciones del Mall del R\u00edo. Primero se prev\u00e9 que se realice la rendici\u00f3n de cuentas de Carrasco y luego se proceda a una reuni\u00f3n entre las autoridades seccionales que asistan. &nbsp;<\/p>\n","protected":false},"author":1,"featured_media":233505,"comment_status":"open","ping_status":"open","sticky":false,"template":"","format":"standard","meta":[],"categories":[40,37],"tags":[],"_links":{"self":[{"href":"https:\/\/www.ecuadortimes.net\/es\/wp-json\/wp\/v2\/posts\/233504"}],"collection":[{"href":"https:\/\/www.ecuadortimes.net\/es\/wp-json\/wp\/v2\/posts"}],"about":[{"href":"https:\/\/www.ecuadortimes.net\/es\/wp-json\/wp\/v2\/types\/post"}],"author":[{"embeddable":true,"href":"https:\/\/www.ecuadortimes.net\/es\/wp-json\/wp\/v2\/users\/1"}],"replies":[{"embeddable":true,"href":"https:\/\/www.ecuadortimes.net\/es\/wp-json\/wp\/v2\/comments?post=233504"}],"version-history":[{"count":0,"href":"https:\/\/www.ecuadortimes.net\/es\/wp-json\/wp\/v2\/posts\/233504\/revisions"}],"wp:featuredmedia":[{"embeddable":true,"href":"https:\/\/www.ecuadortimes.net\/es\/wp-json\/wp\/v2\/media\/233505"}],"wp:attachment":[{"href":"https:\/\/www.ecuadortimes.net\/es\/wp-json\/wp\/v2\/media?parent=233504"}],"wp:term":[{"taxonomy":"category","embeddable":true,"href":"https:\/\/www.ecuadortimes.net\/es\/wp-json\/wp\/v2\/categories?post=233504"},{"taxonomy":"post_tag","embeddable":true,"href":"https:\/\/www.ecuadortimes.net\/es\/wp-json\/wp\/v2\/tags?post=233504"}],"curies":[{"name":"wp","href":"https:\/\/api.w.org\/{rel}","templated":true}]}}