{"id":233506,"date":"2015-02-21T00:00:00","date_gmt":"2015-02-21T00:00:00","guid":{"rendered":"https:\/\/www.ecuadortimes.net\/es\/correa-rechaza-idea-de-establecer-una-licencia-obligatoria-para-hacer-campana-electoral\/"},"modified":"2015-02-21T00:00:00","modified_gmt":"2015-02-21T00:00:00","slug":"correa-rechaza-idea-de-establecer-una-licencia-obligatoria-para-hacer-campana-electoral","status":"publish","type":"post","link":"https:\/\/www.ecuadortimes.net\/es\/correa-rechaza-idea-de-establecer-una-licencia-obligatoria-para-hacer-campana-electoral\/","title":{"rendered":"Correa rechaza idea de establecer una licencia obligatoria para hacer campa\u00f1a electoral"},"content":{"rendered":"<p><a href=\"http:\/\/www.ecuadortimes.net\/es\/wp-content\/uploads\/2015\/02\/rafael-correa1.jpg\"><img loading=\"lazy\" class=\"alignright wp-image-163492 size-full\" src=\"https:\/\/www.ecuadortimes.net\/es\/wp-content\/uploads\/2015\/02\/rafael-correa1.jpg\" alt=\"rafael-correa\" width=\"490\" height=\"290\" \/><\/a>El Presidente Rafael Correa se\u00f1al\u00f3 que no estar\u00eda de acuerdo en que las autoridades que decidan reelegirse en los pr\u00f3ximos comicios generales pidan licencia obligatoria para realizar la campa\u00f1a electoral porque, seg\u00fan el mandatario, &#8220;se pierde much\u00edsimo la gobernabilidad&#8221;.<\/p>\n<p>Para el mandatario, solicitar una licencia ser\u00eda &#8220;un error, suena bonito, pero no es real&#8221;, indic\u00f3 en un conversatorio con medios de comunicaci\u00f3n en Pastaza.<\/p>\n<p>La solicitud de licencia a las autoridades que deseen reelegirse en sus cargos forma parte de las reformas que elabora el Consejo Nacional Electoral (CNE) y el Tribunal Contencioso Electoral al C\u00f3digo de la Democracia para enviarlas a la Asamblea Nacional en marzo.<\/p>\n<p>Juan Pablo Pozo, Presidente del organismo electoral, indic\u00f3 que el pedido de licencia para hacer proselitismo durante 45 d\u00edas previos a las elecciones debe tener el car\u00e1cter de obligatorio para evitar ambiguedades y dar claridad al ciudadano con relaci\u00f3n al candidato y al funcionario p\u00fablico.<\/p>\n<p>El mandatario se\u00f1al\u00f3 que si \u00e9l pide licencia &#8220;\u00bfqui\u00e9n gobierna?&#8230; se puede descalabrar todo. \u00bfQu\u00e9 pasa si el vicepresidente est\u00e1 tambi\u00e9n de candidato? &#8230;son cosas bonitas, pero no son muy pragm\u00e1ticas&#8221;,\u00a0 fueron las declaraciones de Correa.<\/p>\n","protected":false},"excerpt":{"rendered":"<p>El Presidente Rafael Correa se\u00f1al\u00f3 que no estar\u00eda de acuerdo en que las autoridades que decidan reelegirse en los pr\u00f3ximos comicios generales pidan licencia obligatoria para realizar la campa\u00f1a electoral porque, seg\u00fan el mandatario, &#8220;se pierde much\u00edsimo la gobernabilidad&#8221;. Para el mandatario, solicitar una licencia ser\u00eda &#8220;un error, suena bonito, pero no es real&#8221;, indic\u00f3 en un conversatorio con medios de comunicaci\u00f3n en Pastaza. La solicitud de licencia a las autoridades que deseen reelegirse en sus cargos forma parte de las reformas que elabora el Consejo Nacional Electoral (CNE) y el Tribunal Contencioso Electoral al C\u00f3digo de la Democracia para enviarlas a la Asamblea Nacional en marzo. Juan Pablo Pozo, Presidente del organismo electoral, indic\u00f3 que el pedido de licencia para hacer proselitismo durante 45 d\u00edas previos a las elecciones debe tener el car\u00e1cter de obligatorio para evitar ambiguedades y dar claridad al ciudadano con relaci\u00f3n al candidato y al funcionario p\u00fablico. El mandatario se\u00f1al\u00f3 que si \u00e9l pide licencia &#8220;\u00bfqui\u00e9n gobierna?&#8230; se puede descalabrar todo. \u00bfQu\u00e9 pasa si el vicepresidente est\u00e1 tambi\u00e9n de candidato? &#8230;son cosas bonitas, pero no son muy pragm\u00e1ticas&#8221;,\u00a0 fueron las declaraciones de Correa.<\/p>\n","protected":false},"author":1,"featured_media":233507,"comment_status":"open","ping_status":"open","sticky":false,"template":"","format":"standard","meta":[],"categories":[54,40,37],"tags":[],"_links":{"self":[{"href":"https:\/\/www.ecuadortimes.net\/es\/wp-json\/wp\/v2\/posts\/233506"}],"collection":[{"href":"https:\/\/www.ecuadortimes.net\/es\/wp-json\/wp\/v2\/posts"}],"about":[{"href":"https:\/\/www.ecuadortimes.net\/es\/wp-json\/wp\/v2\/types\/post"}],"author":[{"embeddable":true,"href":"https:\/\/www.ecuadortimes.net\/es\/wp-json\/wp\/v2\/users\/1"}],"replies":[{"embeddable":true,"href":"https:\/\/www.ecuadortimes.net\/es\/wp-json\/wp\/v2\/comments?post=233506"}],"version-history":[{"count":0,"href":"https:\/\/www.ecuadortimes.net\/es\/wp-json\/wp\/v2\/posts\/233506\/revisions"}],"wp:featuredmedia":[{"embeddable":true,"href":"https:\/\/www.ecuadortimes.net\/es\/wp-json\/wp\/v2\/media\/233507"}],"wp:attachment":[{"href":"https:\/\/www.ecuadortimes.net\/es\/wp-json\/wp\/v2\/media?parent=233506"}],"wp:term":[{"taxonomy":"category","embeddable":true,"href":"https:\/\/www.ecuadortimes.net\/es\/wp-json\/wp\/v2\/categories?post=233506"},{"taxonomy":"post_tag","embeddable":true,"href":"https:\/\/www.ecuadortimes.net\/es\/wp-json\/wp\/v2\/tags?post=233506"}],"curies":[{"name":"wp","href":"https:\/\/api.w.org\/{rel}","templated":true}]}}