{"id":233508,"date":"2015-02-21T00:00:00","date_gmt":"2015-02-21T00:00:00","guid":{"rendered":"https:\/\/www.ecuadortimes.net\/es\/alcalde-de-caracas-sera-recluido-en-la-carcel-donde-esta-leopoldo-lopez\/"},"modified":"2015-02-21T00:00:00","modified_gmt":"2015-02-21T00:00:00","slug":"alcalde-de-caracas-sera-recluido-en-la-carcel-donde-esta-leopoldo-lopez","status":"publish","type":"post","link":"https:\/\/www.ecuadortimes.net\/es\/alcalde-de-caracas-sera-recluido-en-la-carcel-donde-esta-leopoldo-lopez\/","title":{"rendered":"Alcalde de Caracas ser\u00e1 recluido en la c\u00e1rcel donde est\u00e1 Leopoldo L\u00f3pez"},"content":{"rendered":"<div id=\"attachment_163498\" style=\"width: 310px\" class=\"wp-caption alignright\"><a href=\"http:\/\/www.ecuadortimes.net\/es\/wp-content\/uploads\/2015\/02\/liberen-a-ledezma-ap.jpg\"><img aria-describedby=\"caption-attachment-163498\" loading=\"lazy\" class=\"wp-image-163498 size-medium\" src=\"https:\/\/www.ecuadortimes.net\/es\/wp-content\/uploads\/2015\/02\/liberen-a-ledezma-ap-300x168.jpg\" alt=\"liberen-a-ledezma-ap\" width=\"300\" height=\"168\" \/><\/a><p id=\"caption-attachment-163498\" class=\"wp-caption-text\">AP<\/p><\/div>\n<p>La fiscal\u00eda venezolana orden\u00f3 ayer la prisi\u00f3n provisional para el alcalde mayor de Caracas,<span class=\"ecxapple-converted-space\">\u00a0<\/span>Antonio Ledezma, quien fue detenido el jueves por los servicios de inteligencia, acusado por un presunto delito de conspiraci\u00f3n.<\/p>\n<p>&#8220;El Ministerio P\u00fablico logr\u00f3 privativa de libertad para el alcalde metropolitano de Caracas, Antonio Ledezma D\u00edaz, quien fue aprehendido (&#8230;) por su presunta vinculaci\u00f3n con los planes conspirativos&#8221;, se\u00f1al\u00f3 la fiscal\u00eda, que adem\u00e1s indic\u00f3 que ser\u00e1 recluido en la c\u00e1rcel de Ramo Verde, en las afueras de Caracas, donde permanece detenido el l\u00edder opositor, Leopoldo L\u00f3pez desde febrero del 2014.<\/p>\n<p>&#8220;En la audiencia de presentaci\u00f3n, los fiscales 20 nacional y auxiliar y 16 del \u00e1rea Metropolitana de Caracas, Katherine Harington, Yeison Moreno y Jos\u00e9 Orta, respectivamente, imputaron al burgomaestre por presuntamente incurrir en los delitos de conspiraci\u00f3n y asociaci\u00f3n&#8221;, se\u00f1al\u00f3 el Ministerio P\u00fablico.<\/p>\n","protected":false},"excerpt":{"rendered":"<p>La fiscal\u00eda venezolana orden\u00f3 ayer la prisi\u00f3n provisional para el alcalde mayor de Caracas,\u00a0Antonio Ledezma, quien fue detenido el jueves por los servicios de inteligencia, acusado por un presunto delito de conspiraci\u00f3n. &#8220;El Ministerio P\u00fablico logr\u00f3 privativa de libertad para el alcalde metropolitano de Caracas, Antonio Ledezma D\u00edaz, quien fue aprehendido (&#8230;) por su presunta vinculaci\u00f3n con los planes conspirativos&#8221;, se\u00f1al\u00f3 la fiscal\u00eda, que adem\u00e1s indic\u00f3 que ser\u00e1 recluido en la c\u00e1rcel de Ramo Verde, en las afueras de Caracas, donde permanece detenido el l\u00edder opositor, Leopoldo L\u00f3pez desde febrero del 2014. &#8220;En la audiencia de presentaci\u00f3n, los fiscales 20 nacional y auxiliar y 16 del \u00e1rea Metropolitana de Caracas, Katherine Harington, Yeison Moreno y Jos\u00e9 Orta, respectivamente, imputaron al burgomaestre por presuntamente incurrir en los delitos de conspiraci\u00f3n y asociaci\u00f3n&#8221;, se\u00f1al\u00f3 el Ministerio P\u00fablico.<\/p>\n","protected":false},"author":1,"featured_media":233509,"comment_status":"open","ping_status":"open","sticky":false,"template":"","format":"standard","meta":[],"categories":[54,34,37],"tags":[],"_links":{"self":[{"href":"https:\/\/www.ecuadortimes.net\/es\/wp-json\/wp\/v2\/posts\/233508"}],"collection":[{"href":"https:\/\/www.ecuadortimes.net\/es\/wp-json\/wp\/v2\/posts"}],"about":[{"href":"https:\/\/www.ecuadortimes.net\/es\/wp-json\/wp\/v2\/types\/post"}],"author":[{"embeddable":true,"href":"https:\/\/www.ecuadortimes.net\/es\/wp-json\/wp\/v2\/users\/1"}],"replies":[{"embeddable":true,"href":"https:\/\/www.ecuadortimes.net\/es\/wp-json\/wp\/v2\/comments?post=233508"}],"version-history":[{"count":0,"href":"https:\/\/www.ecuadortimes.net\/es\/wp-json\/wp\/v2\/posts\/233508\/revisions"}],"wp:featuredmedia":[{"embeddable":true,"href":"https:\/\/www.ecuadortimes.net\/es\/wp-json\/wp\/v2\/media\/233509"}],"wp:attachment":[{"href":"https:\/\/www.ecuadortimes.net\/es\/wp-json\/wp\/v2\/media?parent=233508"}],"wp:term":[{"taxonomy":"category","embeddable":true,"href":"https:\/\/www.ecuadortimes.net\/es\/wp-json\/wp\/v2\/categories?post=233508"},{"taxonomy":"post_tag","embeddable":true,"href":"https:\/\/www.ecuadortimes.net\/es\/wp-json\/wp\/v2\/tags?post=233508"}],"curies":[{"name":"wp","href":"https:\/\/api.w.org\/{rel}","templated":true}]}}