{"id":233516,"date":"2015-02-21T00:00:00","date_gmt":"2015-02-21T00:00:00","guid":{"rendered":"https:\/\/www.ecuadortimes.net\/es\/grecia-decidira-sus-reformas-desde-ahora-segun-ministro-de-economia\/"},"modified":"2015-02-21T00:00:00","modified_gmt":"2015-02-21T00:00:00","slug":"grecia-decidira-sus-reformas-desde-ahora-segun-ministro-de-economia","status":"publish","type":"post","link":"https:\/\/www.ecuadortimes.net\/es\/grecia-decidira-sus-reformas-desde-ahora-segun-ministro-de-economia\/","title":{"rendered":"Grecia decidir\u00e1 sus reformas desde ahora, seg\u00fan Ministro de Econom\u00eda"},"content":{"rendered":"<p class=\"ecxMsoNormal\"><span style=\"font-family: 'Times New Roman', sans-serif; font-size: medium;\"><a href=\"http:\/\/www.ecuadortimes.net\/es\/wp-content\/uploads\/2015\/02\/varufakis.jpg\"><img loading=\"lazy\" class=\"alignright size-medium wp-image-163514\" src=\"https:\/\/www.ecuadortimes.net\/es\/wp-content\/uploads\/2015\/02\/varufakis-300x200.jpg\" alt=\"varufakis\" width=\"300\" height=\"200\" \/><\/a>El Ministro griego de Finanzas, Yanis Varufakis, indic\u00f3 ayer que el acuerdo alcanzado con el Eurogrupo para garantizar la asistencia financiera permitir\u00e1 a Grecia decidir sus reformas a partir de ahora.<\/span><\/p>\n<p class=\"ecxMsoNormal\"><span style=\"font-family: 'Times New Roman', sans-serif; font-size: medium;\">&#8220;Hemos dejado atr\u00e1s el tiempo en que Grecia era tratada como una extranjera. Desde hoy seremos coautores de nuestro futuro, desde hoy seremos nosotros los que decidamos las reformas&#8221;, se\u00f1al\u00f3 Varufakis.<\/span><\/p>\n<p class=\"ecxMsoNormal\"><span style=\"font-family: 'Times New Roman', sans-serif; font-size: medium;\">Varufakis dijo que su pa\u00eds mostr\u00f3 que &#8220;estaba comprometido a lograr un acuerdo mutuamente beneficioso&#8221;, y se\u00f1al\u00f3 que Atenas usar\u00e1 las reformas para combatir los factores que perjudican a la econom\u00eda griega y para restablecer la independencia nacional del pa\u00eds.<\/span><\/p>\n<p class=\"ecxMsoNormal\"><span style=\"font-family: 'Times New Roman', sans-serif; font-size: medium;\">Adem\u00e1s, explic\u00f3 que el segundo gran logro de las negociaciones de este viernes es que Grecia ha logrado evitar &#8220;una secuencia de muchos a\u00f1os de super\u00e1vits primarios sofocantes que no hubi\u00e9ramos podido mantener&#8221;.<\/span><\/p>\n<p class=\"ecxMsoNormal\"><span style=\"font-family: 'Times New Roman', sans-serif; font-size: medium;\">Seg\u00fan el titular griego, mantener este a\u00f1o un objetivo de super\u00e1vit primario del 3 % del PIB y los objetivos para pr\u00f3ximos a\u00f1os eran &#8220;desorbitantes&#8221;, pero Atenas ha logrado incluir una referencia a que estas metas deben ser &#8220;apropiadas&#8221;.<\/span><\/p>\n<p class=\"ecxMsoNormal\"><span style=\"font-family: 'Times New Roman', sans-serif; font-size: medium;\">&#8220;Ahora los super\u00e1vits ser\u00e1n determinados por las circunstancias econ\u00f3micas&#8221;, asegur\u00f3 Varufakis.<\/span><\/p>\n","protected":false},"excerpt":{"rendered":"<p>El Ministro griego de Finanzas, Yanis Varufakis, indic\u00f3 ayer que el acuerdo alcanzado con el Eurogrupo para garantizar la asistencia financiera permitir\u00e1 a Grecia decidir sus reformas a partir de ahora. &#8220;Hemos dejado atr\u00e1s el tiempo en que Grecia era tratada como una extranjera. Desde hoy seremos coautores de nuestro futuro, desde hoy seremos nosotros los que decidamos las reformas&#8221;, se\u00f1al\u00f3 Varufakis. Varufakis dijo que su pa\u00eds mostr\u00f3 que &#8220;estaba comprometido a lograr un acuerdo mutuamente beneficioso&#8221;, y se\u00f1al\u00f3 que Atenas usar\u00e1 las reformas para combatir los factores que perjudican a la econom\u00eda griega y para restablecer la independencia nacional del pa\u00eds. Adem\u00e1s, explic\u00f3 que el segundo gran logro de las negociaciones de este viernes es que Grecia ha logrado evitar &#8220;una secuencia de muchos a\u00f1os de super\u00e1vits primarios sofocantes que no hubi\u00e9ramos podido mantener&#8221;. Seg\u00fan el titular griego, mantener este a\u00f1o un objetivo de super\u00e1vit primario del 3 % del PIB y los objetivos para pr\u00f3ximos a\u00f1os eran &#8220;desorbitantes&#8221;, pero Atenas ha logrado incluir una referencia a que estas metas deben ser &#8220;apropiadas&#8221;. &#8220;Ahora los super\u00e1vits ser\u00e1n determinados por las circunstancias econ\u00f3micas&#8221;, asegur\u00f3 Varufakis.<\/p>\n","protected":false},"author":1,"featured_media":233517,"comment_status":"open","ping_status":"open","sticky":false,"template":"","format":"standard","meta":[],"categories":[34,37],"tags":[],"_links":{"self":[{"href":"https:\/\/www.ecuadortimes.net\/es\/wp-json\/wp\/v2\/posts\/233516"}],"collection":[{"href":"https:\/\/www.ecuadortimes.net\/es\/wp-json\/wp\/v2\/posts"}],"about":[{"href":"https:\/\/www.ecuadortimes.net\/es\/wp-json\/wp\/v2\/types\/post"}],"author":[{"embeddable":true,"href":"https:\/\/www.ecuadortimes.net\/es\/wp-json\/wp\/v2\/users\/1"}],"replies":[{"embeddable":true,"href":"https:\/\/www.ecuadortimes.net\/es\/wp-json\/wp\/v2\/comments?post=233516"}],"version-history":[{"count":0,"href":"https:\/\/www.ecuadortimes.net\/es\/wp-json\/wp\/v2\/posts\/233516\/revisions"}],"wp:featuredmedia":[{"embeddable":true,"href":"https:\/\/www.ecuadortimes.net\/es\/wp-json\/wp\/v2\/media\/233517"}],"wp:attachment":[{"href":"https:\/\/www.ecuadortimes.net\/es\/wp-json\/wp\/v2\/media?parent=233516"}],"wp:term":[{"taxonomy":"category","embeddable":true,"href":"https:\/\/www.ecuadortimes.net\/es\/wp-json\/wp\/v2\/categories?post=233516"},{"taxonomy":"post_tag","embeddable":true,"href":"https:\/\/www.ecuadortimes.net\/es\/wp-json\/wp\/v2\/tags?post=233516"}],"curies":[{"name":"wp","href":"https:\/\/api.w.org\/{rel}","templated":true}]}}